{"id":134480,"date":"2025-12-10T10:54:58","date_gmt":"2025-12-10T13:54:58","guid":{"rendered":"https:\/\/www.actualidadadiario.com\/?p=134480"},"modified":"2025-12-10T10:54:58","modified_gmt":"2025-12-10T13:54:58","slug":"con-milei-en-oslo-la-entrega-del-nobel-se-realizo-sin-maria-corina-machado","status":"publish","type":"post","link":"https:\/\/www.actualidadadiario.com\/index.php\/2025\/12\/10\/con-milei-en-oslo-la-entrega-del-nobel-se-realizo-sin-maria-corina-machado\/","title":{"rendered":"Con Milei en Oslo, la entrega del Nobel se realiz\u00f3 sin Mar\u00eda Corina Machado"},"content":{"rendered":"<p style=\"text-align: center;\"><em><strong>El Presidente particip\u00f3 de los actos en la capital noruega mientras la l\u00edder opositora venezolana, pese a haber intentado viajar en condiciones extremas, no podr\u00e1 estar presente por motivos de seguridad. Su hija fue quien reciba el premio en su nombre<\/strong><\/em><\/p>\n<p>&nbsp;<\/p>\n<p>&nbsp;<\/p>\n<p>El presidente Javier Milei aterriz\u00f3 el martes en Oslo, en lo que ser\u00e1 un viaje breve pero simb\u00f3lico: su presencia estaba prevista para respaldar, junto con otros jefes de Estado latinoamericanos, la entrega del Premio Nobel de la Paz 2025 a Mar\u00eda Corina Machado.<\/p>\n<p>Pero las ilusiones de una ceremonia con Machado presente se disiparon este mi\u00e9rcoles: el Norwegian Nobel Institute confirm\u00f3 que la l\u00edder opositora venezolana no podr\u00e1 llegar a tiempo -ni asistir al sal\u00f3n del Ayuntamiento de Oslo donde se realizar\u00e1 la entrega-. Su hija, Ana Corina Sosa, recibi\u00f3 el galard\u00f3n en su nombre.<\/p>\n<p>Seg\u00fan un comunicado oficial, Machado \u201chizo todo lo que estaba en su mano\u201d para llegar a Oslo, incluso arriesgando lo que describieron como una traves\u00eda de \u201cpeligro extremo\u201d. Aun as\u00ed, decidieron priorizar su seguridad. Confirmaron que ella se encuentra bien y que el objetivo sigue siendo que llegue a la capital noruega m\u00e1s adelante, aunque no podr\u00e1 participar de los actos centrales del d\u00eda.<\/p>\n<p>El gesto de Milei de acompa\u00f1ar esta ceremonia expone su alineamiento geopol\u00edtico con la causa de la oposici\u00f3n venezolana -en sinton\u00eda con el discurso internacional que responsabiliza al r\u00e9gimen de Nicol\u00e1s Maduro por la crisis democr\u00e1tica en Venezuela-. Su presencia, junto con los presidentes de Ecuador, Paraguay y Panam\u00e1, tambi\u00e9n marca una se\u00f1al clara de respaldo regional a la transici\u00f3n democr\u00e1tica.<\/p>\n<p>La ceremonia de premiaci\u00f3n sigui\u00f3 su curso: aunque la protagonista principal no estuvo presente, la familia de Machado -junto con su hija en representaci\u00f3n&#8211;recibi\u00f3 el preciado galard\u00f3n. Para muchos, el hecho de que haya aceptado el premio y que parte de su c\u00edrculo est\u00e9 presente en Oslo ya constituye un gesto simb\u00f3lico potente, aunque signifique una victoria incompleta.<\/p>\n<p>&nbsp;<\/p>\n<p><strong>La agenda de Javier Milei en Noruega: Nobel, reuniones bilaterales y regreso expr\u00e9s<\/strong><\/p>\n<p>La actividad central ser\u00e1 el mi\u00e9rcoles 10 de diciembre, cuando Milei asista a la ceremonia del Premio Nobel de la Paz en el Ayuntamiento de Oslo. El evento reunir\u00e1 a delegaciones internacionales y a mandatarios de la regi\u00f3n, entre ellos Santiago Pe\u00f1a (Paraguay) y Daniel Noboa (Ecuador).<\/p>\n<p>Ese mismo d\u00eda, a las 15.30, el jefe de Estado mantendr\u00e1 una audiencia con el Rey Harald V, y luego, a las 17.10, una reuni\u00f3n bilateral con el primer ministro de Noruega, Jonas Gahr St\u00f8re, en un encuentro clave para explorar v\u00ednculos pol\u00edticos y econ\u00f3micos con el pa\u00eds escandinavo.<\/p>\n<p>El itinerario concluir\u00e1 el mismo mi\u00e9rcoles: a las 20, Milei abordar\u00e1 el vuelo de regreso hacia la Argentina. Su arribo est\u00e1 previsto para el jueves 11 de diciembre a las 9.30.<\/p>\n","protected":false},"excerpt":{"rendered":"<p>El Presidente particip\u00f3 de los actos en la capital noruega mientras la l\u00edder opositora venezolana, pese a haber intentado viajar en condiciones extremas, no podr\u00e1 estar presente por motivos de seguridad. Su hija fue quien reciba el premio en su nombre &nbsp; &nbsp; El presidente Javier Milei aterriz\u00f3 el martes en Oslo, en lo que ser\u00e1 un viaje breve pero simb\u00f3lico: su presencia estaba prevista para respaldar, junto con otros jefes de Estado latinoamericanos, la entrega del Premio Nobel de la Paz 2025 a Mar\u00eda Corina Machado. Pero las ilusiones&#8230;<\/p>\n","protected":false},"author":3,"featured_media":134481,"comment_status":"closed","ping_status":"closed","sticky":false,"template":"","format":"standard","meta":[],"categories":[18],"tags":[],"_links":{"self":[{"href":"https:\/\/www.actualidadadiario.com\/index.php\/wp-json\/wp\/v2\/posts\/134480"}],"collection":[{"href":"https:\/\/www.actualidadadiario.com\/index.php\/wp-json\/wp\/v2\/posts"}],"about":[{"href":"https:\/\/www.actualidadadiario.com\/index.php\/wp-json\/wp\/v2\/types\/post"}],"author":[{"embeddable":true,"href":"https:\/\/www.actualidadadiario.com\/index.php\/wp-json\/wp\/v2\/users\/3"}],"replies":[{"embeddable":true,"href":"https:\/\/www.actualidadadiario.com\/index.php\/wp-json\/wp\/v2\/comments?post=134480"}],"version-history":[{"count":1,"href":"https:\/\/www.actualidadadiario.com\/index.php\/wp-json\/wp\/v2\/posts\/134480\/revisions"}],"predecessor-version":[{"id":134482,"href":"https:\/\/www.actualidadadiario.com\/index.php\/wp-json\/wp\/v2\/posts\/134480\/revisions\/134482"}],"wp:featuredmedia":[{"embeddable":true,"href":"https:\/\/www.actualidadadiario.com\/index.php\/wp-json\/wp\/v2\/media\/134481"}],"wp:attachment":[{"href":"https:\/\/www.actualidadadiario.com\/index.php\/wp-json\/wp\/v2\/media?parent=134480"}],"wp:term":[{"taxonomy":"category","embeddable":true,"href":"https:\/\/www.actualidadadiario.com\/index.php\/wp-json\/wp\/v2\/categories?post=134480"},{"taxonomy":"post_tag","embeddable":true,"href":"https:\/\/www.actualidadadiario.com\/index.php\/wp-json\/wp\/v2\/tags?post=134480"}],"curies":[{"name":"wp","href":"https:\/\/api.w.org\/{rel}","templated":true}]}}