{"id":134477,"date":"2025-12-10T10:53:49","date_gmt":"2025-12-10T13:53:49","guid":{"rendered":"https:\/\/www.actualidadadiario.com\/?p=134477"},"modified":"2025-12-10T10:53:49","modified_gmt":"2025-12-10T13:53:49","slug":"seguimos-con-la-motosierra-sturzenegger-celebro-los-dos-anos-de-gobierno-con-170-posteos","status":"publish","type":"post","link":"https:\/\/www.actualidadadiario.com\/index.php\/2025\/12\/10\/seguimos-con-la-motosierra-sturzenegger-celebro-los-dos-anos-de-gobierno-con-170-posteos\/","title":{"rendered":"&#8220;Seguimos con la motosierra&#8221;: Sturzenegger celebr\u00f3 los dos a\u00f1os de Gobierno con 170 posteos"},"content":{"rendered":"<p style=\"text-align: center;\"><em><strong>Con una carretilla llena de piedras que simboliza los obst\u00e1culos que enfrent\u00f3, Sturzenegger repas\u00f3 lo que consider\u00f3 los principales logros de su gesti\u00f3n<\/strong><\/em><\/p>\n<p>&nbsp;<\/p>\n<p>&nbsp;<\/p>\n<p>El ministro de Desregulaci\u00f3n y Transformaci\u00f3n del Estado, Federico Sturzenegger, ratific\u00f3 hoy la decisi\u00f3n del Gobierno del presidente Javier Milei de continuar con los recortes de la denominada \u201c motosierra\u201d y destac\u00f3 los principales logros de la cartera que encabeza, a trav\u00e9s de un inusual hilo de 170 posteos en la red social X.<\/p>\n<p>\u201cSeguimos con la motosierra, con pico y pala, desenterrando cada piedra que reste, cada regulaci\u00f3n que frene, cada privilegio que robe futuro. Porque la Argentina que viene no tiene lugar para la casta ni para sus obst\u00e1culos\u201d, se\u00f1al\u00f3 en el posteo inicial que, a diferencia de lo habitual, no se emiti\u00f3 desde se cuenta personal sino desde la del Ministerio de Desregulaci\u00f3n.<\/p>\n<p>El mensaje est\u00e1 ilustrado con una carretilla llena de piedras que \u201csimboliza el trabajo del Ministerio de Desregulaci\u00f3n y Transformaci\u00f3n del Estado que nos encomend\u00f3 Milei y que venimos llevando adelante con todo el equipo de gobierno\u201d.<\/p>\n<p>&nbsp;<\/p>\n<p><strong>Piedras de todos los tama\u00f1os<\/strong><\/p>\n<p>\u201cCada piedra es una traba que la casta le puso a los argentinos para perpetuarse, enriquecerse y ahogar su futuro\u201d, se indica en el mensaje, coincidente con el segundo aniversario de la asunci\u00f3n presidencial de Milei<\/p>\n<p>En una s\u00edntesis de la tarea llevada a cabo, identific\u00f3 \u201cpiedras grandes, f\u00e1ciles de ver\u201d, como \u201clos 14 billones de emisi\u00f3n monetaria, la corrupci\u00f3n y los privilegios groseros de la pol\u00edtica\u201d, pero tambi\u00e9n \u201cpiedras chiquitas, escondidas en los laberintos de ministerios, secretar\u00edas y organismos descentralizados\u201d.<\/p>\n<p>Entre estas \u00faltimas, Desregulaci\u00f3n se\u00f1al\u00f3 a \u201clos kioscos de la corrupci\u00f3n, los sellos in\u00fatiles, las tasas absurdas, los permisos eternos, los privilegios de unos pocos que pagamos todos\u201d.<\/p>\n<p>\u201cCada una de esas piedras desplaz\u00f3 a nuestros hijos, les dijo que ac\u00e1 no hab\u00eda futuro y los empuj\u00f3 a buscarlo en otro pa\u00eds. Piedras que expulsaron a m\u00e1s de 2 millones de argentinos en los \u00faltimos 10 a\u00f1os\u201d, agreg\u00f3.<\/p>\n<p>&nbsp;<\/p>\n<p><strong>El respaldo electoral<\/strong><\/p>\n<p>En el mensaje se hace referencia a la \u00faltima elecci\u00f3n legislativa del 26 de octubre, en la que se afirma que \u201clos argentinos dijeron claramente que no quieren volver atr\u00e1s\u201d.<\/p>\n<p>\u201cNo quieren volcar la carretilla, tirar todo ese esfuerzo y volver a poner, una por una, las mismas piedras en el camino. No vamos a permitirlo\u201d, sentenci\u00f3 Desregulaci\u00f3n, antes de dar paso a un extenso hilo de \u201c170 tweets (SIC, por la anterior denominaci\u00f3n de los posteos) que son s\u00f3lo una muestra de lo que hicimos desde que asumimos el compromiso de transformar, desregular y bajar costos para darle m\u00e1s libertad a los argentinos\u201d.<\/p>\n<p>Por \u00faltimo, en una muestra de que la tarea proseguir\u00e1 en la segunda mitad del mandato presidencial, el Ministerio corona su posteo convocando a todos los ciudadanos: \u201cSigamos sacando piedras\u201d.<\/p>\n","protected":false},"excerpt":{"rendered":"<p>Con una carretilla llena de piedras que simboliza los obst\u00e1culos que enfrent\u00f3, Sturzenegger repas\u00f3 lo que consider\u00f3 los principales logros de su gesti\u00f3n &nbsp; &nbsp; El ministro de Desregulaci\u00f3n y Transformaci\u00f3n del Estado, Federico Sturzenegger, ratific\u00f3 hoy la decisi\u00f3n del Gobierno del presidente Javier Milei de continuar con los recortes de la denominada \u201c motosierra\u201d y destac\u00f3 los principales logros de la cartera que encabeza, a trav\u00e9s de un inusual hilo de 170 posteos en la red social X. \u201cSeguimos con la motosierra, con pico y pala, desenterrando cada piedra&#8230;<\/p>\n","protected":false},"author":3,"featured_media":134478,"comment_status":"closed","ping_status":"closed","sticky":false,"template":"","format":"standard","meta":[],"categories":[18],"tags":[],"_links":{"self":[{"href":"https:\/\/www.actualidadadiario.com\/index.php\/wp-json\/wp\/v2\/posts\/134477"}],"collection":[{"href":"https:\/\/www.actualidadadiario.com\/index.php\/wp-json\/wp\/v2\/posts"}],"about":[{"href":"https:\/\/www.actualidadadiario.com\/index.php\/wp-json\/wp\/v2\/types\/post"}],"author":[{"embeddable":true,"href":"https:\/\/www.actualidadadiario.com\/index.php\/wp-json\/wp\/v2\/users\/3"}],"replies":[{"embeddable":true,"href":"https:\/\/www.actualidadadiario.com\/index.php\/wp-json\/wp\/v2\/comments?post=134477"}],"version-history":[{"count":1,"href":"https:\/\/www.actualidadadiario.com\/index.php\/wp-json\/wp\/v2\/posts\/134477\/revisions"}],"predecessor-version":[{"id":134479,"href":"https:\/\/www.actualidadadiario.com\/index.php\/wp-json\/wp\/v2\/posts\/134477\/revisions\/134479"}],"wp:featuredmedia":[{"embeddable":true,"href":"https:\/\/www.actualidadadiario.com\/index.php\/wp-json\/wp\/v2\/media\/134478"}],"wp:attachment":[{"href":"https:\/\/www.actualidadadiario.com\/index.php\/wp-json\/wp\/v2\/media?parent=134477"}],"wp:term":[{"taxonomy":"category","embeddable":true,"href":"https:\/\/www.actualidadadiario.com\/index.php\/wp-json\/wp\/v2\/categories?post=134477"},{"taxonomy":"post_tag","embeddable":true,"href":"https:\/\/www.actualidadadiario.com\/index.php\/wp-json\/wp\/v2\/tags?post=134477"}],"curies":[{"name":"wp","href":"https:\/\/api.w.org\/{rel}","templated":true}]}}