{"id":134473,"date":"2025-12-10T10:51:47","date_gmt":"2025-12-10T13:51:47","guid":{"rendered":"https:\/\/www.actualidadadiario.com\/?p=134473"},"modified":"2025-12-10T10:51:47","modified_gmt":"2025-12-10T13:51:47","slug":"el-consejo-de-la-magistratura-dejara-de-depender-del-ministerio-de-justicia","status":"publish","type":"post","link":"https:\/\/www.actualidadadiario.com\/index.php\/2025\/12\/10\/el-consejo-de-la-magistratura-dejara-de-depender-del-ministerio-de-justicia\/","title":{"rendered":"El Consejo de la Magistratura dejar\u00e1 de depender del Ministerio de Justicia"},"content":{"rendered":"<p style=\"text-align: center;\"><em><strong>El Consejo reorganiza su Secretar\u00eda de Asuntos Jur\u00eddicos para que asuma representaci\u00f3n y patrocinio legal en las causas judiciales del organismo y del Poder Judicial<\/strong><\/em><\/p>\n<p>&nbsp;<\/p>\n<p>&nbsp;<\/p>\n<p>El Consejo de la Magistratura de la Naci\u00f3n dispuso reorganizar su Secretar\u00eda de Asuntos Jur\u00eddicos para que asuma progresivamente la representaci\u00f3n y el patrocinio legal en las causas judiciales del organismo y del Poder Judicial, funci\u00f3n que hasta ahora ejerc\u00eda el Ministerio de Justicia.<\/p>\n<p>La Resoluci\u00f3n 225\/2025, aprobada por el plenario presidido por el titular de la Corte Suprema Horacio Rosatti, establece que la Secretar\u00eda de Asuntos Jur\u00eddicos pasar\u00e1 a depender directamente del Plenario del Consejo con independencia t\u00e9cnica, y se dividir\u00e1 en un Departamento de Asesoramiento Jur\u00eddico y un Departamento de Asuntos Contenciosos.<\/p>\n<p>Seg\u00fan pudo saber la Agencia Noticias Argentinas, la medida busca fortalecer la autonom\u00eda del organismo y responde a razones de austeridad econ\u00f3mica y simplificaci\u00f3n burocr\u00e1tica. El Consejo argument\u00f3 que la formaci\u00f3n y experiencia adquirida por los abogados de la Secretar\u00eda en materia de defensa en juicio justifica que no se asigne esa tarea a un \u00f3rgano distinto.<\/p>\n<p>Transitoriamente, se continuar\u00e1 requiriendo la representaci\u00f3n letrada al Ministerio de Justicia mientras el Consejo asume de manera gradual las causas existentes. Como prioridad, se tomar\u00e1n los procesos vinculados a concursos, procedimientos disciplinarios y aquellos de mayor relevancia econ\u00f3mica o institucional.<\/p>\n<p>La resoluci\u00f3n tambi\u00e9n instruye desarrollar un Sistema Inform\u00e1tico para la Gesti\u00f3n Judicial que concentre la informaci\u00f3n de todos los juicios del organismo.<\/p>\n","protected":false},"excerpt":{"rendered":"<p>El Consejo reorganiza su Secretar\u00eda de Asuntos Jur\u00eddicos para que asuma representaci\u00f3n y patrocinio legal en las causas judiciales del organismo y del Poder Judicial &nbsp; &nbsp; El Consejo de la Magistratura de la Naci\u00f3n dispuso reorganizar su Secretar\u00eda de Asuntos Jur\u00eddicos para que asuma progresivamente la representaci\u00f3n y el patrocinio legal en las causas judiciales del organismo y del Poder Judicial, funci\u00f3n que hasta ahora ejerc\u00eda el Ministerio de Justicia. La Resoluci\u00f3n 225\/2025, aprobada por el plenario presidido por el titular de la Corte Suprema Horacio Rosatti, establece que&#8230;<\/p>\n","protected":false},"author":3,"featured_media":98303,"comment_status":"closed","ping_status":"closed","sticky":false,"template":"","format":"standard","meta":[],"categories":[18],"tags":[],"_links":{"self":[{"href":"https:\/\/www.actualidadadiario.com\/index.php\/wp-json\/wp\/v2\/posts\/134473"}],"collection":[{"href":"https:\/\/www.actualidadadiario.com\/index.php\/wp-json\/wp\/v2\/posts"}],"about":[{"href":"https:\/\/www.actualidadadiario.com\/index.php\/wp-json\/wp\/v2\/types\/post"}],"author":[{"embeddable":true,"href":"https:\/\/www.actualidadadiario.com\/index.php\/wp-json\/wp\/v2\/users\/3"}],"replies":[{"embeddable":true,"href":"https:\/\/www.actualidadadiario.com\/index.php\/wp-json\/wp\/v2\/comments?post=134473"}],"version-history":[{"count":1,"href":"https:\/\/www.actualidadadiario.com\/index.php\/wp-json\/wp\/v2\/posts\/134473\/revisions"}],"predecessor-version":[{"id":134474,"href":"https:\/\/www.actualidadadiario.com\/index.php\/wp-json\/wp\/v2\/posts\/134473\/revisions\/134474"}],"wp:featuredmedia":[{"embeddable":true,"href":"https:\/\/www.actualidadadiario.com\/index.php\/wp-json\/wp\/v2\/media\/98303"}],"wp:attachment":[{"href":"https:\/\/www.actualidadadiario.com\/index.php\/wp-json\/wp\/v2\/media?parent=134473"}],"wp:term":[{"taxonomy":"category","embeddable":true,"href":"https:\/\/www.actualidadadiario.com\/index.php\/wp-json\/wp\/v2\/categories?post=134473"},{"taxonomy":"post_tag","embeddable":true,"href":"https:\/\/www.actualidadadiario.com\/index.php\/wp-json\/wp\/v2\/tags?post=134473"}],"curies":[{"name":"wp","href":"https:\/\/api.w.org\/{rel}","templated":true}]}}