{"id":134469,"date":"2025-12-10T10:50:26","date_gmt":"2025-12-10T13:50:26","guid":{"rendered":"https:\/\/www.actualidadadiario.com\/?p=134469"},"modified":"2025-12-10T10:50:26","modified_gmt":"2025-12-10T13:50:26","slug":"trump-se-adjudico-el-triunfo-de-milei-en-las-elecciones-estaba-perdiendo-lo-apoye-y-gano","status":"publish","type":"post","link":"https:\/\/www.actualidadadiario.com\/index.php\/2025\/12\/10\/trump-se-adjudico-el-triunfo-de-milei-en-las-elecciones-estaba-perdiendo-lo-apoye-y-gano\/","title":{"rendered":"Trump se adjudic\u00f3 el triunfo de Milei en las elecciones: &#8220;estaba perdiendo, lo apoy\u00e9 y gan\u00f3&#8221;"},"content":{"rendered":"<p style=\"text-align: center;\"><em><strong>El presidente de Estados Unidos compar\u00f3 su apoyo a Milei con el que le dio al pol\u00e9mico premier h\u00fangaro, Viktor Orban<\/strong><\/em><\/p>\n<p>&nbsp;<\/p>\n<p>&nbsp;<\/p>\n<p>Donald Trump se atribuy\u00f3 el triunfo de La Libertad Avanza en las elecciones legislativas de octubre pasado al asegurar que Javier Milei estaba perdiendo antes de que lo respalde.<\/p>\n<p>&#8220;En Sudam\u00e9rica he apoyado a Milei, en Argentina. \u00c9l estaba perdiendo las elecciones, yo lo apoy\u00e9 y gan\u00f3 de manera contundente&#8221;, declar\u00f3 el presidente de Estados Unidos en una entrevista con el sitio Politico.<\/p>\n<p>Trump se refiri\u00f3 al respaldo pol\u00edtico que le dio en el encuentro que mantuvieron en la Casa Blanca previo a las elecciones del 26 de octubre, y tambi\u00e9n al respaldo financiero que otorg\u00f3 el Tesoro para frenar la corrida cambiaria que estaba sacudiendo a la gesti\u00f3n Milei.<\/p>\n<p>Donald Trump se atribuy\u00f3 el triunfo de La Libertad Avanza en las elecciones legislativas de octubre pasado al asegurar que Javier Milei estaba perdiendo antes de que lo respalde.<\/p>\n<p>&#8220;En Sudam\u00e9rica he apoyado a Milei, en Argentina. \u00c9l estaba perdiendo las elecciones, yo lo apoy\u00e9 y gan\u00f3 de manera contundente&#8221;, declar\u00f3 el presidente de Estados Unidos en una entrevista con el sitio Politico.<\/p>\n<p>La referencia de Trump a Milei se dio despu\u00e9s de que la periodista Dasha Burns le consultara si se meter\u00eda en elecciones de otros pa\u00edses para respaldar a sus aliados. Trump primero mencion\u00f3 su apoyo al pol\u00e9mico primer ministro h\u00fangaro, Viktor Orban, y luego mencion\u00f3 a Milei.<\/p>\n<p>La menci\u00f3n de Trump a Milei se da en medio de los rumores de cierto fastidio de la Casa Blanca con el argentino porque no corta la relaci\u00f3n con China. De hecho, el secretario del Tesoro, Scott Bessent, cancel\u00f3 su visita al pa\u00eds.<\/p>\n","protected":false},"excerpt":{"rendered":"<p>El presidente de Estados Unidos compar\u00f3 su apoyo a Milei con el que le dio al pol\u00e9mico premier h\u00fangaro, Viktor Orban &nbsp; &nbsp; Donald Trump se atribuy\u00f3 el triunfo de La Libertad Avanza en las elecciones legislativas de octubre pasado al asegurar que Javier Milei estaba perdiendo antes de que lo respalde. &#8220;En Sudam\u00e9rica he apoyado a Milei, en Argentina. \u00c9l estaba perdiendo las elecciones, yo lo apoy\u00e9 y gan\u00f3 de manera contundente&#8221;, declar\u00f3 el presidente de Estados Unidos en una entrevista con el sitio Politico. Trump se refiri\u00f3 al&#8230;<\/p>\n","protected":false},"author":3,"featured_media":119298,"comment_status":"closed","ping_status":"closed","sticky":false,"template":"","format":"standard","meta":[],"categories":[18],"tags":[],"_links":{"self":[{"href":"https:\/\/www.actualidadadiario.com\/index.php\/wp-json\/wp\/v2\/posts\/134469"}],"collection":[{"href":"https:\/\/www.actualidadadiario.com\/index.php\/wp-json\/wp\/v2\/posts"}],"about":[{"href":"https:\/\/www.actualidadadiario.com\/index.php\/wp-json\/wp\/v2\/types\/post"}],"author":[{"embeddable":true,"href":"https:\/\/www.actualidadadiario.com\/index.php\/wp-json\/wp\/v2\/users\/3"}],"replies":[{"embeddable":true,"href":"https:\/\/www.actualidadadiario.com\/index.php\/wp-json\/wp\/v2\/comments?post=134469"}],"version-history":[{"count":1,"href":"https:\/\/www.actualidadadiario.com\/index.php\/wp-json\/wp\/v2\/posts\/134469\/revisions"}],"predecessor-version":[{"id":134470,"href":"https:\/\/www.actualidadadiario.com\/index.php\/wp-json\/wp\/v2\/posts\/134469\/revisions\/134470"}],"wp:featuredmedia":[{"embeddable":true,"href":"https:\/\/www.actualidadadiario.com\/index.php\/wp-json\/wp\/v2\/media\/119298"}],"wp:attachment":[{"href":"https:\/\/www.actualidadadiario.com\/index.php\/wp-json\/wp\/v2\/media?parent=134469"}],"wp:term":[{"taxonomy":"category","embeddable":true,"href":"https:\/\/www.actualidadadiario.com\/index.php\/wp-json\/wp\/v2\/categories?post=134469"},{"taxonomy":"post_tag","embeddable":true,"href":"https:\/\/www.actualidadadiario.com\/index.php\/wp-json\/wp\/v2\/tags?post=134469"}],"curies":[{"name":"wp","href":"https:\/\/api.w.org\/{rel}","templated":true}]}}