{"id":134467,"date":"2025-12-10T10:32:07","date_gmt":"2025-12-10T13:32:07","guid":{"rendered":"https:\/\/www.actualidadadiario.com\/?p=134467"},"modified":"2025-12-10T10:32:07","modified_gmt":"2025-12-10T13:32:07","slug":"presupuesto-y-reforma-laboral-las-batallas-que-arrancan-hoy","status":"publish","type":"post","link":"https:\/\/www.actualidadadiario.com\/index.php\/2025\/12\/10\/presupuesto-y-reforma-laboral-las-batallas-que-arrancan-hoy\/","title":{"rendered":"Presupuesto y reforma laboral: las batallas que arrancan hoy"},"content":{"rendered":"<p style=\"text-align: center;\"><em><strong>Sesiones extras al rojo vivo: Milei busca aprobar su primer Presupuesto y avanzar con la reforma laboral en un Congreso que promete chispazos<\/strong><\/em><\/p>\n<p>&nbsp;<\/p>\n<p>&nbsp;<\/p>\n<p>Con un escenario pol\u00edtico renovado y un oficialismo fortalecido en ambas c\u00e1maras, el Congreso Nacional abre este mi\u00e9rcoles las sesiones extraordinarias convocadas por el Gobierno para tratar un paquete clave de proyectos. El objetivo central es aprobar el primer Presupuesto de la gesti\u00f3n de Javier Milei y avanzar con la modernizaci\u00f3n laboral, dos pilares del plan econ\u00f3mico que el Ejecutivo quiere tener definidos antes de fin de a\u00f1o.<\/p>\n<p>El arranque coincide con la jura de los legisladores elegidos el 26 de octubre, en un Congreso donde La Libertad Avanza (LLA) contar\u00e1 con un esquema m\u00e1s favorable: primera minor\u00eda en Diputados y un salto de 7 a 20 esca\u00f1os en el Senado, pr\u00e1cticamente triplicando su presencia.<\/p>\n<p>&nbsp;<\/p>\n<p><strong>Un oficialismo m\u00e1s cohesionado para la segunda etapa<\/strong><\/p>\n<p>La segunda fase del gobierno de Javier Milei llega con una reconfiguraci\u00f3n interna en el Congreso. Seg\u00fan fuentes parlamentarias, el presidente de Diputados, Mart\u00edn Menem, y la jefa del bloque libertario en el Senado, Patricia Bullrich, trabajar\u00e1n como \u201cun solo equipo\u201d para coordinar la estrategia legislativa.<\/p>\n<p>El Gobierno convoc\u00f3 sesiones extraordinarias hasta el 30 de diciembre para debatir el Presupuesto, la ley de Inocencia Fiscal, el Compromiso Nacional para la Estabilidad Fiscal y Monetaria, la Modernizaci\u00f3n del C\u00f3digo Penal y la iniciativa de preservaci\u00f3n de Glaciares y Ambiente Periglacial. Pero, puertas adentro, la orden fue clara: priorizar el Presupuesto 2026.<\/p>\n<p>&nbsp;<\/p>\n<p><strong>El plan oficial: aprobar el Presupuesto antes del 30 de diciembre<\/strong><\/p>\n<p>La hoja de ruta del oficialismo comienza este mi\u00e9rcoles, cuando Mart\u00edn Menem defina la integraci\u00f3n de las comisiones de Presupuesto y Hacienda y de Legislaci\u00f3n Penal. La meta es emitir dict\u00e1menes entre lunes y martes para llevar el Presupuesto al recinto el 17 de diciembre.<\/p>\n<p>LLA cuenta con 95 diputados, por lo que necesita el respaldo de al menos 34 legisladores aliados para asegurar la aprobaci\u00f3n. El oficialismo iniciar\u00e1 negociaciones con el interbloque UCR-PRO, MID y el bloque de Santa Cruz, que suman 22 bancas. Tambi\u00e9n buscar\u00e1 a Innovaci\u00f3n Federal, Independencia, Producci\u00f3n y Trabajo y Elijo Catamarca, que podr\u00edan aportar otras 15.<\/p>\n<p>Si esos acuerdos se consolidan, el oficialismo considera \u201caltamente probable\u201d obtener apoyo adicional de Provincias Unidas, particularmente de legisladores cercanos a los gobernadores Maximiliano Pullaro (Santa Fe) y Mart\u00edn Llaryora (C\u00f3rdoba).<\/p>\n<p>&nbsp;<\/p>\n<p><strong>Gobernadores, el factor que puede destrabar \u2014o trabar\u2014 la votaci\u00f3n<\/strong><\/p>\n<p>El respaldo de varios mandatarios provinciales depender\u00e1 de definiciones clave: c\u00f3mo responder\u00e1 el Gobierno sobre las cajas previsionales, si habr\u00e1 avales para tomar deuda destinada a obra p\u00fablica y cu\u00e1l ser\u00e1 el ritmo de reactivaci\u00f3n de trabajos en rutas nacionales. Las conversaciones ya est\u00e1n en curso.<\/p>\n<p>&nbsp;<\/p>\n<p><strong>Qu\u00e9 dice el Presupuesto 2026<\/strong><\/p>\n<p>El proyecto prev\u00e9 un crecimiento del 5% del PBI, una inflaci\u00f3n del 10,1% y un tipo de cambio de 1423 pesos para diciembre de 2026. Adem\u00e1s, proyecta un aumento del 10,6% en exportaciones y del 11% en importaciones.<\/p>\n<p>El texto estima gastos totales por 148 billones de pesos, con recursos por 148,2 billones, lo que arroja un super\u00e1vit primario de 2,7 billones. Seg\u00fan el Gobierno, el 85% del gasto total se destina a \u00e1reas sociales: salud, educaci\u00f3n, seguridad social y programas de asistencia.<\/p>\n<p>En cuanto a la distribuci\u00f3n de recursos, se prev\u00e9 invertir 8 billones en Administraci\u00f3n Gubernamental, 7 billones en Defensa y Seguridad, 106 billones en gastos sociales y 14 billones en deuda p\u00fablica.<\/p>\n<p>&nbsp;<\/p>\n<p><strong>El Senado abre la batalla por la reforma laboral<\/strong><\/p>\n<p>Mientras Diputados avanza con el Presupuesto, el Senado abrir\u00e1 este jueves el debate en comisi\u00f3n sobre la reforma laboral. El proyecto, que el Ejecutivo enviar\u00e1 en las pr\u00f3ximas horas, apunta a incentivar la generaci\u00f3n de empleo y flexibilizar normativas laborales que, seg\u00fan el Gobierno, frenan la creaci\u00f3n de puestos de trabajo.<\/p>\n<p>La vicepresidenta Victoria Villarruel encabezar\u00e1 el armado pol\u00edtico para garantizar un dictamen favorable en la Comisi\u00f3n de Trabajo y Previsi\u00f3n Social, que tendr\u00e1 17 miembros: entre 4 y 5 de LLA, 6 del peronismo y el resto repartido entre la UCR, el PRO y bloques provinciales.<\/p>\n<p>&nbsp;<\/p>\n<p><strong>Un oficialismo obligado a negociar<\/strong><\/p>\n<p>LLA cuenta hoy con 20 senadores (19 hasta que jure Enzo Fullone), pero necesita 37 votos para el qu\u00f3rum y la aprobaci\u00f3n. Por eso, el oficialismo deber\u00e1 sumar apoyos de la decena de senadores radicales, 5 del PRO y al menos 2 legisladores provinciales.<\/p>\n<p>Para el Presupuesto, el escenario es similar: ser\u00e1 determinante el nivel de acuerdo alcanzado con los gobernadores, especialmente los que re\u00fanen representaci\u00f3n en bloques como los de Misiones, Santa Cruz, Chubut, Salta, Tucum\u00e1n y Neuqu\u00e9n, que podr\u00edan aportar ocho votos adicionales.<\/p>\n<p>&nbsp;<\/p>\n<p><strong>El sprint final del Gobierno antes del cierre del a\u00f1o<\/strong><\/p>\n<p>Con tiempos acotados y un Congreso reconfigurado, el Gobierno apuesta a una doble jugada: garantizar su primer Presupuesto propio y avanzar con su reforma laboral. Las sesiones extraordinarias ser\u00e1n, en los pr\u00f3ximos d\u00edas, el epicentro de una pulseada pol\u00edtica decisiva para la hoja de ruta oficial del 2026.<\/p>\n","protected":false},"excerpt":{"rendered":"<p>Sesiones extras al rojo vivo: Milei busca aprobar su primer Presupuesto y avanzar con la reforma laboral en un Congreso que promete chispazos &nbsp; &nbsp; Con un escenario pol\u00edtico renovado y un oficialismo fortalecido en ambas c\u00e1maras, el Congreso Nacional abre este mi\u00e9rcoles las sesiones extraordinarias convocadas por el Gobierno para tratar un paquete clave de proyectos. El objetivo central es aprobar el primer Presupuesto de la gesti\u00f3n de Javier Milei y avanzar con la modernizaci\u00f3n laboral, dos pilares del plan econ\u00f3mico que el Ejecutivo quiere tener definidos antes de&#8230;<\/p>\n","protected":false},"author":3,"featured_media":56503,"comment_status":"closed","ping_status":"closed","sticky":false,"template":"","format":"standard","meta":[],"categories":[9],"tags":[],"_links":{"self":[{"href":"https:\/\/www.actualidadadiario.com\/index.php\/wp-json\/wp\/v2\/posts\/134467"}],"collection":[{"href":"https:\/\/www.actualidadadiario.com\/index.php\/wp-json\/wp\/v2\/posts"}],"about":[{"href":"https:\/\/www.actualidadadiario.com\/index.php\/wp-json\/wp\/v2\/types\/post"}],"author":[{"embeddable":true,"href":"https:\/\/www.actualidadadiario.com\/index.php\/wp-json\/wp\/v2\/users\/3"}],"replies":[{"embeddable":true,"href":"https:\/\/www.actualidadadiario.com\/index.php\/wp-json\/wp\/v2\/comments?post=134467"}],"version-history":[{"count":1,"href":"https:\/\/www.actualidadadiario.com\/index.php\/wp-json\/wp\/v2\/posts\/134467\/revisions"}],"predecessor-version":[{"id":134468,"href":"https:\/\/www.actualidadadiario.com\/index.php\/wp-json\/wp\/v2\/posts\/134467\/revisions\/134468"}],"wp:featuredmedia":[{"embeddable":true,"href":"https:\/\/www.actualidadadiario.com\/index.php\/wp-json\/wp\/v2\/media\/56503"}],"wp:attachment":[{"href":"https:\/\/www.actualidadadiario.com\/index.php\/wp-json\/wp\/v2\/media?parent=134467"}],"wp:term":[{"taxonomy":"category","embeddable":true,"href":"https:\/\/www.actualidadadiario.com\/index.php\/wp-json\/wp\/v2\/categories?post=134467"},{"taxonomy":"post_tag","embeddable":true,"href":"https:\/\/www.actualidadadiario.com\/index.php\/wp-json\/wp\/v2\/tags?post=134467"}],"curies":[{"name":"wp","href":"https:\/\/api.w.org\/{rel}","templated":true}]}}