{"id":134465,"date":"2025-12-10T10:31:22","date_gmt":"2025-12-10T13:31:22","guid":{"rendered":"https:\/\/www.actualidadadiario.com\/?p=134465"},"modified":"2025-12-10T10:31:22","modified_gmt":"2025-12-10T13:31:22","slug":"dos-anos-de-javier-milei-el-34-cree-que-al-pais-le-ira-mejor-y-el-52-piensa-que-va-en-direccion-incorrecta","status":"publish","type":"post","link":"https:\/\/www.actualidadadiario.com\/index.php\/2025\/12\/10\/dos-anos-de-javier-milei-el-34-cree-que-al-pais-le-ira-mejor-y-el-52-piensa-que-va-en-direccion-incorrecta\/","title":{"rendered":"Dos a\u00f1os de Javier Milei: el 34% cree que al pa\u00eds &#8220;le ir\u00e1 mejor&#8221; y el 52% piensa que va en direcci\u00f3n incorrecta"},"content":{"rendered":"<p style=\"text-align: center;\"><em><strong>Una encuesta midi\u00f3 el pulso social y econ\u00f3mico de los dos primeros a\u00f1os del gobierno de Javier Milei: emociones divididas, mayor\u00eda cr\u00edtica sobre la direcci\u00f3n del pa\u00eds y expectativas moderadas frente a la gesti\u00f3n econ\u00f3mica presidencial<\/strong><\/em><\/p>\n<p>&nbsp;<\/p>\n<p>&nbsp;<\/p>\n<p>A dos a\u00f1os de la asunci\u00f3n presidencial, la consultora Equipo_Mide difundi\u00f3 una encuesta sobre la opini\u00f3n p\u00fablica en la primera mitad del mandato de Javier Milei. El relevamiento se realiz\u00f3 entre el 1 y el 5 de diciembre, incluy\u00f3 2142 casos y tiene un margen de error de +2,12%. El informe abre con un panorama del estado de \u00e1nimo, las preocupaciones y las expectativas de la sociedad.<\/p>\n<p>En la lista de inquietudes se mantiene la tendencia de los \u00faltimos meses: pobreza, desocupaci\u00f3n, inseguridad y corrupci\u00f3n encabezan el ranking, mientras que la inflaci\u00f3n aparece reci\u00e9n en quinto lugar.<\/p>\n<p>Respecto a las expectativas para los pr\u00f3ximos seis meses, el 34% cree que estar\u00e1 \u201cmejor que ahora\u201d y el 33% imagina lo contrario. Un 16% espera seguir \u201cigual de mal que ahora\u201d y s\u00f3lo un 5% proyecta estar \u201cigual de bien\u201d.<\/p>\n<p>El estado emocional tambi\u00e9n refleja fuertes contrastes. Un 24% dijo sentirse con \u201cesperanza\u201d, un 23% con \u201cincertidumbre\u201d y un 19% manifest\u00f3 \u201cbronca\/enojo\u201d. Un 12% eligi\u00f3 \u201cconfianza\u201d, un 10% \u201cdesilusi\u00f3n\u201d, un 7% \u201cmiedo\u201d y apenas un 2% mencion\u00f3 \u201calegr\u00eda\u201d.<\/p>\n<p>La s\u00edntesis de este apartado muestra que un 38% presenta emociones mayormente positivas (esperanza, confianza y alegr\u00eda), mientras que un 36% se ubica en el polo negativo (bronca, enojo, miedo y desilusi\u00f3n).<\/p>\n<p>El estudio tambi\u00e9n evalu\u00f3 la percepci\u00f3n sobre la direcci\u00f3n del pa\u00eds: un 52% considera que es \u201cequivocada\u201d y un 48% la ve \u201ccorrecta\u201d.<\/p>\n<p>La visi\u00f3n sobre la gesti\u00f3n presidencial aparece igual de dividida: el 29% la calific\u00f3 como \u201cmuy mala\u201d, el 11% como \u201cmala\u201d y el 22% como \u201cregular\u201d. En el otro extremo, el 17% opin\u00f3 que es \u201cmuy buena\u201d y el 21% que es \u201cbuena\u201d.<\/p>\n<p>El nivel de politizaci\u00f3n ofrece un mapa similar. Frente a la pregunta sobre si se sienten oficialistas, opositores o independientes, el 36% se defini\u00f3 oficialista, el 30% opositor y el 34% asegur\u00f3 no ubicarse en ninguno de los dos polos. Este \u00faltimo grupo representa, para ambos espacios, el principal segmento de disputa.<\/p>\n<p>En el terreno econ\u00f3mico la percepci\u00f3n es mayoritariamente cr\u00edtica: el 61% afirm\u00f3 que las medidas del Gobierno lo afectan de manera negativa. Un 32% dijo no llegar a fin de mes, un 16% se\u00f1al\u00f3 que debe endeudarse y un 13% admiti\u00f3 recurrir a ahorros para cubrir gastos. Del otro lado, un 20% sostuvo que las decisiones oficiales no impactan en su econom\u00eda y un 15% advirti\u00f3 que, aunque hoy no lo afectan, podr\u00edan hacerlo pr\u00f3ximamente.<\/p>\n<p>El estudio tambi\u00e9n revel\u00f3 una brecha entre el discurso presidencial y su impacto percibido. Aunque Milei lleg\u00f3 al poder con la promesa de ajustar a \u201cla casta\u201d, el 40% considera que las medidas perjudican principalmente \u201ca los que menos tienen\u201d, el 24% cree que afectan \u201ca todos por igual\u201d, el 19% se\u00f1ala a \u201cla clase media\u201d y s\u00f3lo el 13% identifica como afectados a \u201cla casta pol\u00edtica\u201d.<\/p>\n<p>La imagen presidencial muestra un equilibrio inestable: un 53% la eval\u00faa positivamente y un 47% negativamente.<\/p>\n<p>En cuanto a \u201clas formas\u201d del Presidente, el 59% expres\u00f3 una valoraci\u00f3n negativa (\u201cno me gustan nada\u201d o \u201cno me gustan\u201d), mientras que el 41% manifest\u00f3 una mirada positiva (\u201cme gustan mucho\u201d o \u201cme gustan\u201d).<\/p>\n<p>Finalmente, la encuesta indag\u00f3 sobre el liderazgo opositor. El 44% opin\u00f3 que la oposici\u00f3n carece de un referente claro. Entre los nombres mencionados, Axel Kicillof aparece primero con el 24%, seguido de Cristina Kirchner con el 23%.<\/p>\n","protected":false},"excerpt":{"rendered":"<p>Una encuesta midi\u00f3 el pulso social y econ\u00f3mico de los dos primeros a\u00f1os del gobierno de Javier Milei: emociones divididas, mayor\u00eda cr\u00edtica sobre la direcci\u00f3n del pa\u00eds y expectativas moderadas frente a la gesti\u00f3n econ\u00f3mica presidencial &nbsp; &nbsp; A dos a\u00f1os de la asunci\u00f3n presidencial, la consultora Equipo_Mide difundi\u00f3 una encuesta sobre la opini\u00f3n p\u00fablica en la primera mitad del mandato de Javier Milei. El relevamiento se realiz\u00f3 entre el 1 y el 5 de diciembre, incluy\u00f3 2142 casos y tiene un margen de error de +2,12%. El informe abre&#8230;<\/p>\n","protected":false},"author":3,"featured_media":133764,"comment_status":"closed","ping_status":"closed","sticky":false,"template":"","format":"standard","meta":[],"categories":[9],"tags":[],"_links":{"self":[{"href":"https:\/\/www.actualidadadiario.com\/index.php\/wp-json\/wp\/v2\/posts\/134465"}],"collection":[{"href":"https:\/\/www.actualidadadiario.com\/index.php\/wp-json\/wp\/v2\/posts"}],"about":[{"href":"https:\/\/www.actualidadadiario.com\/index.php\/wp-json\/wp\/v2\/types\/post"}],"author":[{"embeddable":true,"href":"https:\/\/www.actualidadadiario.com\/index.php\/wp-json\/wp\/v2\/users\/3"}],"replies":[{"embeddable":true,"href":"https:\/\/www.actualidadadiario.com\/index.php\/wp-json\/wp\/v2\/comments?post=134465"}],"version-history":[{"count":1,"href":"https:\/\/www.actualidadadiario.com\/index.php\/wp-json\/wp\/v2\/posts\/134465\/revisions"}],"predecessor-version":[{"id":134466,"href":"https:\/\/www.actualidadadiario.com\/index.php\/wp-json\/wp\/v2\/posts\/134465\/revisions\/134466"}],"wp:featuredmedia":[{"embeddable":true,"href":"https:\/\/www.actualidadadiario.com\/index.php\/wp-json\/wp\/v2\/media\/133764"}],"wp:attachment":[{"href":"https:\/\/www.actualidadadiario.com\/index.php\/wp-json\/wp\/v2\/media?parent=134465"}],"wp:term":[{"taxonomy":"category","embeddable":true,"href":"https:\/\/www.actualidadadiario.com\/index.php\/wp-json\/wp\/v2\/categories?post=134465"},{"taxonomy":"post_tag","embeddable":true,"href":"https:\/\/www.actualidadadiario.com\/index.php\/wp-json\/wp\/v2\/tags?post=134465"}],"curies":[{"name":"wp","href":"https:\/\/api.w.org\/{rel}","templated":true}]}}