{"id":134455,"date":"2025-12-10T10:15:02","date_gmt":"2025-12-10T13:15:02","guid":{"rendered":"https:\/\/www.actualidadadiario.com\/?p=134455"},"modified":"2025-12-10T10:15:02","modified_gmt":"2025-12-10T13:15:02","slug":"crisis-en-la-industria-forestal-alertan-por-el-cierre-de-pymes-y-piden-medidas-de-incentivo","status":"publish","type":"post","link":"https:\/\/www.actualidadadiario.com\/index.php\/2025\/12\/10\/crisis-en-la-industria-forestal-alertan-por-el-cierre-de-pymes-y-piden-medidas-de-incentivo\/","title":{"rendered":"Crisis en la industria forestal: alertan por el cierre de pymes y piden medidas de incentivo"},"content":{"rendered":"<p style=\"text-align: center;\"><em><strong>Desde el sector exigen medidas para evitar que se sigan cerrando empresas a nivel pa\u00eds, con el consecuente efecto negativo sobre los puestos laborales<\/strong><\/em><\/p>\n<p>&nbsp;<\/p>\n<p>&nbsp;<\/p>\n<p>La crisis econ\u00f3mica a nivel nacional golpea a la foresto industria, al igual que recae sobre diversas actividades productivas. Por ello, desde el sector solicitan que se incluya a las medianas empresas en los beneficios que se otorgan en el R\u00e9gimen de Incentivo a las Grandes Inversiones (RIGI).<\/p>\n<p>El objetivo de la propuesta es revertir los \u201cmomentos complejos\u201d por los que est\u00e1 atravesando la actividad. Teniendo en cuenta el cierre de empresas y limitado uso de la capacidad instalada de las que siguen en funcionamiento. Y el consecuente impacto en las fuentes de trabajo.<\/p>\n<p>Recientemente se llev\u00f3 a cabo el \u00faltimo encuentro del a\u00f1o de la Mesa Nacional Foresto Industrial, que re\u00fane a entidades productoras y autoridades nacionales y provinciales. La convocatoria a la Mesa se dio meses despu\u00e9s de la creaci\u00f3n del Comit\u00e9 de Crisis para el sector; en articulaci\u00f3n con diferentes c\u00e1maras que buscan abordar la situaci\u00f3n de una actividad que, por sus caracter\u00edsticas, tiene una vinculaci\u00f3n directa con la obra p\u00fablica, adem\u00e1s de requerir financiamiento a largo plazo y un mercado interno din\u00e1mico.<\/p>\n<p>Sobre los resultados del encuentro se refiri\u00f3 la presidenta de la Federaci\u00f3n Argentina de la Industria Maderera y Afines (FAIMA), Mercedes Ome\u00f1uka.<\/p>\n<p>&nbsp;<\/p>\n<p><strong>Momentos complejos\u201d para la foresto industria<\/strong><\/p>\n<p>\u201cLa cadena de la foresto industria est\u00e1 pasando momentos complejos. Sin duda que tiene que ver con eso la ca\u00edda en la obra p\u00fablica, pero adem\u00e1s toda la producci\u00f3n de nuestras pymes en muebles y viviendas est\u00e1 orientada al mercado interno. Al estar ca\u00edda la actividad econ\u00f3mica, obviamente las pymes quedan afectadas. Y lo de la obra p\u00fablica tambi\u00e9n pega\u201d, se\u00f1al\u00f3.<\/p>\n<p>A lo que agreg\u00f3: \u201cel jueves 4 de diciembre se reuni\u00f3 la Mesa Forestal y el ministro de Industria de Misiones de Misiones (Federico Fachinello) se refiri\u00f3 al cierre de empresas en la provincia. Yo vengo de Corrientes, donde la mayor\u00eda de las pymes la est\u00e1n pasando mal. Hay una ca\u00edda en la actividad y empresas que est\u00e1n trabajando al 50%, al 60% de su capacidad. Esto implica que est\u00e1n dando vacaciones anticipadas o se est\u00e1n trabajando menos horas\u201d.<\/p>\n<p>Al ser consultada por los costos log\u00edsticos y la apertura de importaciones, Ome\u00f1uka plante\u00f3 que \u201cimpacta particularmente en el sector de muebles, uno de los principales segmentos de nuestra cadena. Sabemos que nuestras industrias muebleras tienen que ser m\u00e1s eficientes, pero volvemos a lo mismo, hay dificultades impositivas, financieras, log\u00edsticas. Los fletes internos son alt\u00edsimos y as\u00ed no podemos competir, no es una cuesti\u00f3n de calidad sino porque la cancha no est\u00e1 nivelada\u201d.<\/p>\n<p>&nbsp;<\/p>\n<p><strong>Mano de obra desafectada en la foresto industria<\/strong><\/p>\n<p>Al mismo tiempo, la presidenta de FAIMA cont\u00f3 que actualmente \u201ctenemos unos 60 mil empleados. Pero con el cierre de empresas, mucha mano de obra qued\u00f3 desafectada. En nuestro sector quiz\u00e1s no cobre mucha trascendencia p\u00fablica porque no tenemos grandes empresas que realicen despidos masivos. Que una pyme despida, por ejemplo, cinco trabajadores, no tiene el impacto que podr\u00edan tener los despidos en una terminal automotriz\u201d.<\/p>\n<p>\u201cOtro tema que debemos tener en cuenta que en nuestra actividad -y sobre todo el segmento muebles o bienes finales- cuesta mucho formar el operario. Entonces, se hace el mayor de los esfuerzos para sostener el plantel de trabajadores\u201d, aclar\u00f3.<\/p>\n<p>&nbsp;<\/p>\n<p><strong>Pedido de inclusi\u00f3n para el r\u00e9gimen de incentivo<\/strong><\/p>\n<p>En relaci\u00f3n al pedido de que se incluya a las medianas empresas en los beneficios que se otorgan en el R\u00e9gimen de Incentivo a las Grandes Inversiones (RIGI), Ome\u00f1uka indic\u00f3: \u201cpor los montos de inversi\u00f3n requeridos, en lo \u00fanico que podr\u00eda entrar nuestro sector para ser beneficiario del RIGI es en una planta de celulosa\u201c.<\/p>\n<p>\u201cEstamos pidiendo que se trabaje en la sanci\u00f3n de un RIMI (R\u00e9gimen de Incentivo para las Medianas Inversiones), de lo contrario nos quedamos afuera. Se nos dijo que hay inter\u00e9s en algo as\u00ed, pero todav\u00eda no tenemos informaci\u00f3n concreta\u201d, relat\u00f3.<\/p>\n<p>&nbsp;<\/p>\n<p><strong>Construcci\u00f3n de viviendas<\/strong><\/p>\n<p>Por otro lado, remarc\u00f3 que la Federaci\u00f3n trabaja sobre la posibilidad de avanzar con la construcci\u00f3n de viviendas de madera.<\/p>\n<p>\u201cHay que potenciar el tema de la construcci\u00f3n con madera y salir fuerte con eso, porque tenemos que resaltar todos los beneficios que conlleva en materia ambiental y de eficiencia energ\u00e9tica. En todo el mundo se les est\u00e1 dando impulso y ac\u00e1 somos los \u00fanicos que estamos quedando atr\u00e1s, teniendo toda la cantidad de madera que tenemos\u201c, analiz\u00f3.<\/p>\n","protected":false},"excerpt":{"rendered":"<p>Desde el sector exigen medidas para evitar que se sigan cerrando empresas a nivel pa\u00eds, con el consecuente efecto negativo sobre los puestos laborales &nbsp; &nbsp; La crisis econ\u00f3mica a nivel nacional golpea a la foresto industria, al igual que recae sobre diversas actividades productivas. Por ello, desde el sector solicitan que se incluya a las medianas empresas en los beneficios que se otorgan en el R\u00e9gimen de Incentivo a las Grandes Inversiones (RIGI). El objetivo de la propuesta es revertir los \u201cmomentos complejos\u201d por los que est\u00e1 atravesando la&#8230;<\/p>\n","protected":false},"author":3,"featured_media":134456,"comment_status":"closed","ping_status":"closed","sticky":false,"template":"","format":"standard","meta":[],"categories":[2],"tags":[],"_links":{"self":[{"href":"https:\/\/www.actualidadadiario.com\/index.php\/wp-json\/wp\/v2\/posts\/134455"}],"collection":[{"href":"https:\/\/www.actualidadadiario.com\/index.php\/wp-json\/wp\/v2\/posts"}],"about":[{"href":"https:\/\/www.actualidadadiario.com\/index.php\/wp-json\/wp\/v2\/types\/post"}],"author":[{"embeddable":true,"href":"https:\/\/www.actualidadadiario.com\/index.php\/wp-json\/wp\/v2\/users\/3"}],"replies":[{"embeddable":true,"href":"https:\/\/www.actualidadadiario.com\/index.php\/wp-json\/wp\/v2\/comments?post=134455"}],"version-history":[{"count":1,"href":"https:\/\/www.actualidadadiario.com\/index.php\/wp-json\/wp\/v2\/posts\/134455\/revisions"}],"predecessor-version":[{"id":134457,"href":"https:\/\/www.actualidadadiario.com\/index.php\/wp-json\/wp\/v2\/posts\/134455\/revisions\/134457"}],"wp:featuredmedia":[{"embeddable":true,"href":"https:\/\/www.actualidadadiario.com\/index.php\/wp-json\/wp\/v2\/media\/134456"}],"wp:attachment":[{"href":"https:\/\/www.actualidadadiario.com\/index.php\/wp-json\/wp\/v2\/media?parent=134455"}],"wp:term":[{"taxonomy":"category","embeddable":true,"href":"https:\/\/www.actualidadadiario.com\/index.php\/wp-json\/wp\/v2\/categories?post=134455"},{"taxonomy":"post_tag","embeddable":true,"href":"https:\/\/www.actualidadadiario.com\/index.php\/wp-json\/wp\/v2\/tags?post=134455"}],"curies":[{"name":"wp","href":"https:\/\/api.w.org\/{rel}","templated":true}]}}