{"id":134442,"date":"2025-12-10T09:31:06","date_gmt":"2025-12-10T12:31:06","guid":{"rendered":"https:\/\/www.actualidadadiario.com\/?p=134442"},"modified":"2025-12-10T09:31:06","modified_gmt":"2025-12-10T12:31:06","slug":"suben-las-temperaturas-y-anticipan-nuevas-inestabilidades-en-entre-rios","status":"publish","type":"post","link":"https:\/\/www.actualidadadiario.com\/index.php\/2025\/12\/10\/suben-las-temperaturas-y-anticipan-nuevas-inestabilidades-en-entre-rios\/","title":{"rendered":"Suben las temperaturas y anticipan nuevas inestabilidades en Entre R\u00edos"},"content":{"rendered":"<p style=\"text-align: center;\"><em><strong>Este mi\u00e9rcoles se espera buen tiempo en la provincia, pero ma\u00f1ana podr\u00edan volver algunas lluvias y tormentas aisladas. El calor sigue subiendo<\/strong><\/em><\/p>\n<p>&nbsp;<\/p>\n<p>&nbsp;<\/p>\n<p>El Servicio Meteorol\u00f3gico Nacional -SMN- anuncia buen tiempo para este mi\u00e9rcoles 10 de diciembre en Entre R\u00edos. Se prev\u00e9 una jornada con cielo despejado y escasa nubosidad. Las temperaturas comienzan a subir y se prev\u00e9n m\u00e1ximas de hasta 29 grados.<\/p>\n<p>El calor se har\u00e1 sentir durante la semana. Al mismo tiempo, anticipan nuevas inestabilidades para este jueves a la tarde noche. Se esperan posibles lluvias y tormentas aisladas que traer\u00e1n mayor humedad y sensaci\u00f3n t\u00e9rmica m\u00e1s elevada.<\/p>\n<p>El pron\u00f3stico extendido anticipa que luego mejoras temporarias para el viernes y s\u00e1bado en Entre R\u00edos. Para el domingo se prev\u00e9n tambi\u00e9n eventuales precipitaciones aisladas y un descenso t\u00e9rmico para el lunes pr\u00f3ximo.<\/p>\n<p>&nbsp;<\/p>\n<p><strong>Pron\u00f3stico para hoy<\/strong><\/p>\n<p>En Paran\u00e1, La Paz, Villaguay, Diamante y Nogoy\u00e1 la m\u00ednima ser\u00e1 de 16 grados y la m\u00e1xima alcanzar\u00e1 los 29 grados. Comienza la jornada despejada y continuar\u00e1 algo nublada.<\/p>\n<p>En Concordia, Federal, Feliciano, Federaci\u00f3n y San Salvador, en tanto, se aguarda una m\u00ednima de 17 grados y una m\u00e1xima de 26 grados. All\u00ed tambi\u00e9n se prev\u00e9 un entre parcialmente y algo nublado.<\/p>\n<p>En Gualeguaych\u00fa, Col\u00f3n, Uruguay, Tala e Islas, se espera una m\u00ednima de 17 grados y una m\u00e1xima de 27 grados. El d\u00eda estar\u00e1 parcialmente despejado y no se descartan posibles inestabilidades a partir de hoy a la noche. Ma\u00f1ana jueves seguir\u00e1 inestable.<\/p>\n<p>Finalmente, en Victoria y Gualeguay anuncian 17 grados de m\u00ednima y 29 grados de m\u00e1xima, con cielo algo y parcialmente nublado de d\u00eda y posiblemente con inestabilidades hacia la noche que continuar\u00e1n ma\u00f1ana jueves.<\/p>\n","protected":false},"excerpt":{"rendered":"<p>Este mi\u00e9rcoles se espera buen tiempo en la provincia, pero ma\u00f1ana podr\u00edan volver algunas lluvias y tormentas aisladas. El calor sigue subiendo &nbsp; &nbsp; El Servicio Meteorol\u00f3gico Nacional -SMN- anuncia buen tiempo para este mi\u00e9rcoles 10 de diciembre en Entre R\u00edos. Se prev\u00e9 una jornada con cielo despejado y escasa nubosidad. Las temperaturas comienzan a subir y se prev\u00e9n m\u00e1ximas de hasta 29 grados. El calor se har\u00e1 sentir durante la semana. Al mismo tiempo, anticipan nuevas inestabilidades para este jueves a la tarde noche. Se esperan posibles lluvias y&#8230;<\/p>\n","protected":false},"author":3,"featured_media":78922,"comment_status":"closed","ping_status":"closed","sticky":false,"template":"","format":"standard","meta":[],"categories":[15],"tags":[],"_links":{"self":[{"href":"https:\/\/www.actualidadadiario.com\/index.php\/wp-json\/wp\/v2\/posts\/134442"}],"collection":[{"href":"https:\/\/www.actualidadadiario.com\/index.php\/wp-json\/wp\/v2\/posts"}],"about":[{"href":"https:\/\/www.actualidadadiario.com\/index.php\/wp-json\/wp\/v2\/types\/post"}],"author":[{"embeddable":true,"href":"https:\/\/www.actualidadadiario.com\/index.php\/wp-json\/wp\/v2\/users\/3"}],"replies":[{"embeddable":true,"href":"https:\/\/www.actualidadadiario.com\/index.php\/wp-json\/wp\/v2\/comments?post=134442"}],"version-history":[{"count":1,"href":"https:\/\/www.actualidadadiario.com\/index.php\/wp-json\/wp\/v2\/posts\/134442\/revisions"}],"predecessor-version":[{"id":134443,"href":"https:\/\/www.actualidadadiario.com\/index.php\/wp-json\/wp\/v2\/posts\/134442\/revisions\/134443"}],"wp:featuredmedia":[{"embeddable":true,"href":"https:\/\/www.actualidadadiario.com\/index.php\/wp-json\/wp\/v2\/media\/78922"}],"wp:attachment":[{"href":"https:\/\/www.actualidadadiario.com\/index.php\/wp-json\/wp\/v2\/media?parent=134442"}],"wp:term":[{"taxonomy":"category","embeddable":true,"href":"https:\/\/www.actualidadadiario.com\/index.php\/wp-json\/wp\/v2\/categories?post=134442"},{"taxonomy":"post_tag","embeddable":true,"href":"https:\/\/www.actualidadadiario.com\/index.php\/wp-json\/wp\/v2\/tags?post=134442"}],"curies":[{"name":"wp","href":"https:\/\/api.w.org\/{rel}","templated":true}]}}