{"id":134436,"date":"2025-12-10T09:29:08","date_gmt":"2025-12-10T12:29:08","guid":{"rendered":"https:\/\/www.actualidadadiario.com\/?p=134436"},"modified":"2025-12-10T09:29:08","modified_gmt":"2025-12-10T12:29:08","slug":"amet-cuestiono-al-cge-y-salio-en-defensa-de-la-educacion-superior","status":"publish","type":"post","link":"https:\/\/www.actualidadadiario.com\/index.php\/2025\/12\/10\/amet-cuestiono-al-cge-y-salio-en-defensa-de-la-educacion-superior\/","title":{"rendered":"AMET cuestion\u00f3 al CGE y sali\u00f3 en defensa de la Educaci\u00f3n Superior"},"content":{"rendered":"<p style=\"text-align: center;\"><em><strong>El sindicato denuncia una nueva &#8220;intentona&#8221; del CGE de vaciar los Institutos de Formaci\u00f3n de Nivel Superior con decisiones unilaterales y &#8220;netamente monetaristas&#8221;<\/strong><\/em><\/p>\n<p>&nbsp;<\/p>\n<p>&nbsp;<\/p>\n<p>La Asociaci\u00f3n del Magisterio de Ense\u00f1anza T\u00e9cnica (AMET) Regional XI inform\u00f3 que \u201cante una nueva intentona del Consejo General de Educaci\u00f3n de cerrar carreras en los Institutos de Formaci\u00f3n de Nivel Superior, sin fundamentos claros ni consensos previos, con un criterio netamente monetarista, anti pedag\u00f3gico y absolutamente unilateral, se est\u00e1 intentando negar o limitar la posibilidad de estudio de las y los j\u00f3venes entrerrianos en todo el territorio provincial\u201d.<\/p>\n<p>&nbsp;<\/p>\n<p><strong>Incertidumbre<\/strong><\/p>\n<p>La iniciativa del CGE &#8220;no es correcta; por el contrario, expresa rasgos de un accionar de car\u00e1cter totalitario, las pol\u00edticas p\u00fablicas se construyen entre todos, mediante un di\u00e1logo abierto y sincero no solo entre el CGE y los sindicatos, sino -y especialmente- con las autoridades de los Institutos de Formaci\u00f3n, quienes, sorprendidos por esta decisi\u00f3n inconsulta, han manifestado su rechazo a avanzar en este camino\u201d, sostuvieron desde el sindicato.<\/p>\n<p>Desde AMET advirtieron \u201cque este tipo de iniciativas, y el modo en que se intentan implementar, no generan espacios de consenso ni construyen proyectos participativos con todos los actores de estas comunidades educativas\u201d.<\/p>\n<p>Para el gremio, las y los trabajadores &#8220;afectados son nuevamente quienes quedan en mayor vulnerabilidad y, junto a sus familias, resultan los principales perjudicados\u201d.<\/p>\n<p>Adem\u00e1s, destacaron que &#8220;esto sucede en un contexto de ca\u00edda salarial, de inestabilidad laboral propia del nivel Superior y ahora agravado por la terrible y devastadora incertidumbre de no saber qu\u00e9 ocurrir\u00e1 con sus puestos de trabajo en 2026\u201d.<\/p>\n<p>A trav\u00e9s de un comunicado, AMET adelant\u00f3 que &#8220;vamos a activar todos los canales institucionales y v\u00ednculos necesarios para hacer o\u00edr nuestra voz y, de ser necesario, realizar las presentaciones administrativas y judiciales correspondientes, con el firme prop\u00f3sito de impedir el vaciamiento de los Institutos de Formaci\u00f3n Superior bajo criterios meramente econ\u00f3micos, sin consensos y sin una evaluaci\u00f3n seria del impacto pedag\u00f3gico, social y fundamentalmente de p\u00e9rdida de puestos de trabajo&#8221;.<\/p>\n<p>Seg\u00fan el sindicato, se permitir\u00e1 &#8220;que se avasalle a quienes, durante a\u00f1os, han sostenido con compromiso y profesionalismo la invaluable y trascendental tarea de formar a las futuras generaciones\u201d.<\/p>\n<p>En este contexto, AMET convoc\u00f3 a sus afiliadas y afiliados, delegadas y delegados, docentes del nivel superior y de todos los niveles, as\u00ed como a la comunidad en general, a participar activamente de las acciones previstas para este mi\u00e9rcoles 10 de diciembre.<\/p>\n<p>\u201cDurante toda la jornada se desarrollar\u00e1n movilizaciones, radios abiertas y distintas intervenciones p\u00fablicas en defensa de los Institutos de Formaci\u00f3n Superior, del derecho irrenunciable a estudiar de nuestros j\u00f3venes y a la estabilidad laboral de sus docentes\u201d, anunciaron desde AMET.<\/p>\n","protected":false},"excerpt":{"rendered":"<p>El sindicato denuncia una nueva &#8220;intentona&#8221; del CGE de vaciar los Institutos de Formaci\u00f3n de Nivel Superior con decisiones unilaterales y &#8220;netamente monetaristas&#8221; &nbsp; &nbsp; La Asociaci\u00f3n del Magisterio de Ense\u00f1anza T\u00e9cnica (AMET) Regional XI inform\u00f3 que \u201cante una nueva intentona del Consejo General de Educaci\u00f3n de cerrar carreras en los Institutos de Formaci\u00f3n de Nivel Superior, sin fundamentos claros ni consensos previos, con un criterio netamente monetarista, anti pedag\u00f3gico y absolutamente unilateral, se est\u00e1 intentando negar o limitar la posibilidad de estudio de las y los j\u00f3venes entrerrianos en&#8230;<\/p>\n","protected":false},"author":3,"featured_media":134437,"comment_status":"closed","ping_status":"closed","sticky":false,"template":"","format":"standard","meta":[],"categories":[15],"tags":[],"_links":{"self":[{"href":"https:\/\/www.actualidadadiario.com\/index.php\/wp-json\/wp\/v2\/posts\/134436"}],"collection":[{"href":"https:\/\/www.actualidadadiario.com\/index.php\/wp-json\/wp\/v2\/posts"}],"about":[{"href":"https:\/\/www.actualidadadiario.com\/index.php\/wp-json\/wp\/v2\/types\/post"}],"author":[{"embeddable":true,"href":"https:\/\/www.actualidadadiario.com\/index.php\/wp-json\/wp\/v2\/users\/3"}],"replies":[{"embeddable":true,"href":"https:\/\/www.actualidadadiario.com\/index.php\/wp-json\/wp\/v2\/comments?post=134436"}],"version-history":[{"count":1,"href":"https:\/\/www.actualidadadiario.com\/index.php\/wp-json\/wp\/v2\/posts\/134436\/revisions"}],"predecessor-version":[{"id":134438,"href":"https:\/\/www.actualidadadiario.com\/index.php\/wp-json\/wp\/v2\/posts\/134436\/revisions\/134438"}],"wp:featuredmedia":[{"embeddable":true,"href":"https:\/\/www.actualidadadiario.com\/index.php\/wp-json\/wp\/v2\/media\/134437"}],"wp:attachment":[{"href":"https:\/\/www.actualidadadiario.com\/index.php\/wp-json\/wp\/v2\/media?parent=134436"}],"wp:term":[{"taxonomy":"category","embeddable":true,"href":"https:\/\/www.actualidadadiario.com\/index.php\/wp-json\/wp\/v2\/categories?post=134436"},{"taxonomy":"post_tag","embeddable":true,"href":"https:\/\/www.actualidadadiario.com\/index.php\/wp-json\/wp\/v2\/tags?post=134436"}],"curies":[{"name":"wp","href":"https:\/\/api.w.org\/{rel}","templated":true}]}}