{"id":134433,"date":"2025-12-10T09:27:56","date_gmt":"2025-12-10T12:27:56","guid":{"rendered":"https:\/\/www.actualidadadiario.com\/?p=134433"},"modified":"2025-12-10T09:27:56","modified_gmt":"2025-12-10T12:27:56","slug":"el-senado-analizo-en-comisiones-proyectos-relacionados-a-justicia-salud-y-ambiente","status":"publish","type":"post","link":"https:\/\/www.actualidadadiario.com\/index.php\/2025\/12\/10\/el-senado-analizo-en-comisiones-proyectos-relacionados-a-justicia-salud-y-ambiente\/","title":{"rendered":"El Senado analiz\u00f3 en Comisiones proyectos relacionados a justicia, salud y ambiente"},"content":{"rendered":"<p style=\"text-align: center;\"><em><strong>Los senadores miembros de Legislaci\u00f3n General, Salud P\u00fablica y Drogadicci\u00f3n, Presupuesto y Hacienda, y Ambiente y Desarrollo Sustentable, avanzaron con distintas iniciativas legislativas, para lo cual recibieron invitados que dieron sus aportes<\/strong><\/em><\/p>\n<p>&nbsp;<\/p>\n<p>&nbsp;<\/p>\n<p>A partir de la hora 9, en la Sala de Comisiones segundo piso de Casa de Gobierno, los integrantes de la Comisi\u00f3n de Legislaci\u00f3n General abordaron un proyecto de ley, presentado por la senadora Gladys Dom\u00ednguez (Feliciano \u2013 Peronismo Federal) para la creaci\u00f3n de un Juzgado de Primera Instancia en lo Civil, Comercial y Laboral en la ciudad de San Jos\u00e9 de Feliciano, con competencia en el departamento hom\u00f3nimo.<\/p>\n<p>Quien encabeza la Comisi\u00f3n, Nancy Miranda (Federal \u2013 M\u00e1s para Entre R\u00edos), dio la palabra a la autora de la iniciativa. Dom\u00ednguez se\u00f1al\u00f3 que se trata \u201cde una preocupaci\u00f3n que ten\u00eda hace tiempo, una necesidad urgente por la cantidad de causas; es mucha la demanda para que la justicia llegue donde debe llegar y que sea m\u00e1s \u00e1gil\u201d. En cuanto a lo econ\u00f3mico manifest\u00f3 que la puesta en marcha solo implicar\u00eda dos cargos.<\/p>\n<p>Para este proyecto de ley fueron invitados a dar su aporte el presidente del Superior Tribunal de Justicia de Entre R\u00edos (STJ), Leonardo Portela, y el secretario de Justicia de Entre R\u00edos, Juli\u00e1n Maneiro. \u201cEstuvimos viendo el proyecto y lo acompa\u00f1amos\u201d, dijo en primer t\u00e9rmino Portela. Luego de mencionar que conoce la realidad del lugar y realizar una sugerencia para mejorar lo relacionado al \u00e1rea laboral, el presidente del STJ dijo que el texto \u201ces saludable y justo\u201d.<\/p>\n<p>Por su parte Maneiro manifest\u00f3 que la posici\u00f3n de la Secretar\u00eda es \u201cacompa\u00f1ar la iniciativa\u201d. Asimismo, habl\u00f3 del incremento de causas judiciales y estim\u00f3 que en Feliciano se ir\u00e1 paulatinamente con el tiempo dotando de personal al Juzgado.<\/p>\n<p>Tambi\u00e9n estuvo presente en la Comisi\u00f3n, el senador Gustavo Vergara (Diamante- Juntos por Entre R\u00edos).<\/p>\n<p>&nbsp;<\/p>\n<p><strong>Salud mental<\/strong><\/p>\n<p>Posteriormente se llev\u00f3 adelante una reuni\u00f3n conjunta de las Comisiones de Salud P\u00fablica y Drogadicci\u00f3n, y de Legislaci\u00f3n General. Presidida por Hern\u00e1n M\u00e9ndez (Islas del Ibicuy- Juntos por Entre R\u00edos) y Nancy Miranda, se dio tratamiento en primer lugar a un proyecto presentado por el senador Mart\u00edn Oliva, por el cual se declara la Emergencia en Salud Mental en todo el territorio de la provincia de Entre R\u00edos por el plazo de 2 (dos) a\u00f1os, prorrogable por \u00fanica vez. La emergencia se fundamenta en el reconocimiento de una epidemia social de salud mental, con impacto sostenido y transversal. Se establece que el Poder Ejecutivo podr\u00e1 reasignar partidas, contratar personal, establecer convenios urgentes y crear dispositivos comunitarios en zonas cr\u00edticas.<\/p>\n<p>Asimismo, se crea la Red Integral de los Cuidados de la Salud Mental y Bienestar Psicosocial, en reemplazo de la Comisi\u00f3n Interministerial Provincial de Salud Mental (COPRISMA), creada por Decreto N\u00b0 418\/22 del Ministerio de Salud, con el objetivo de garantizar un abordaje integral, interdisciplinario y basado en derechos humanos para la promoci\u00f3n, prevenci\u00f3n, asistencia y recuperaci\u00f3n en salud mental en la provincia. Esta red ser\u00e1 implementada en cumplimiento de la Ley Nacional de Salud Mental N\u00b026.657, su Decreto Reglamentario N\u00b0603\/2013, y la Ley Provincial N\u00b0 10.445, asegurando la integraci\u00f3n de servicios p\u00fablicos, comunitarios y de la sociedad civil.<\/p>\n<p>Para esta iniciativa fueron invitados referentes de instituciones. Desde la Mesa por la Salud Mental en Entre R\u00edos estuvo presente Sandra Cislaghi; por la ONG Suma de Voluntades, Anabella Albornoz; as\u00ed tambi\u00e9n las profesionales Ayel\u00e9n Lambert, y representando a Santa Elena, Nuria Vega.<\/p>\n<p>Cislaghi celebr\u00f3 la apertura del di\u00e1logo y lo catalog\u00f3 como \u201cun d\u00eda hist\u00f3rico\u201d. \u201cEntre R\u00edos est\u00e1 viviendo una emergencia de salud mental grav\u00edsima\u201d, apunt\u00f3, tras lo cual aclar\u00f3 que si bien la provincia no cuenta con estad\u00edsticas, \u201clas cifras son escalofriantes, como tener la tasa m\u00e1s alta de todo el pa\u00eds en suicidio, el doble de la media nacional\u201d. Hizo hincapi\u00e9 en los consumos de droga que comienzan a la edad de 8 y 9 a\u00f1os, y en el colapso del sistema de salud. \u201cEsto nos tiene que interpelar para implementar pol\u00edticas p\u00fablicas y tener una red para trabajar en toda la provincia, con prevenci\u00f3n y promoci\u00f3n a largo plazo\u201d.<\/p>\n<p>Albornoz por su parte dio un panorama de los barrios perif\u00e9ricos de la capital entrerriana, donde de 10 casos judiciales 9 se relacionan con adicciones, donde nacen ni\u00f1os intoxicados, donde de cada 10 ni\u00f1os, los 10 tienen en su contexto problemas de adicciones, donde las c\u00e1rceles est\u00e1n pobladas de chicos enfermos, donde el narcotr\u00e1fico aumenta. La referente de la ONG dijo ante los senadores que \u201cnecesitamos pol\u00edticas integrales a largo plazo, para trabajar de manera articulada, donde esta ley abre una puerta en defensa de las infancias\u201d.<\/p>\n<p>Lambert desarroll\u00f3 algunos objetivos plasmados en distintos art\u00edculos del proyecto, como la creaci\u00f3n de un observatorio, y de un programa en el \u00e1mbito educativo. Vega por su parte describi\u00f3 la dif\u00edcil situaci\u00f3n que atraviesan en poblaciones m\u00e1s alejadas de nuestra provincia, donde no acceden a profesionales en la materia.<\/p>\n<p>&nbsp;<\/p>\n<p><strong>Otros proyectos de salud<\/strong><\/p>\n<p>Se contempl\u00f3 adem\u00e1s un proyecto que cuenta con media sanci\u00f3n de la C\u00e1mara de Diputados, por el que se declara el d\u00eda 17 de septiembre de cada a\u00f1o como \u201cD\u00eda Provincial de la Seguridad del Paciente\u201d en la Provincia de Entre R\u00edos, en adhesi\u00f3n al \u201cD\u00eda Mundial de la Seguridad del Paciente\u201d, establecido por la Organizaci\u00f3n Mundial de la Salud (OMS). El objetivo es promover la concientizaci\u00f3n, la responsabilidad y la prevenci\u00f3n en materia de atenci\u00f3n m\u00e9dica, priorizando la seguridad y el bienestar de los pacientes en los servicios de salud. Se establece que, en el mes de septiembre, las instituciones p\u00fablicas y privadas de salud de la provincia desarrollar\u00e1n acciones tales como difusi\u00f3n de material informativo, jornadas de capacitaci\u00f3n y sensibilizaci\u00f3n, campa\u00f1as educativas, etc.<\/p>\n<p>Adem\u00e1s, se abord\u00f3 otro proyecto con media sanci\u00f3n, por el que la provincia de Entre R\u00edos adhiere al marco regulatorio de la Ley Nacional N\u00ba 26.529, sancionada el 21 de octubre de 2009 y sus modificatorias Ley N\u00ba 26.742 y Ley N\u00ba 26.812, sobre los derechos del paciente en su relaci\u00f3n con los profesionales e instituciones de la salud. Se promover\u00e1 la capacitaci\u00f3n de los profesionales de la salud en la provincia sobre los principios y disposiciones de la Ley Nacional N\u00ba 26.529 y sus modificatorias. En tanto se garantizar\u00e1 la difusi\u00f3n de los derechos del paciente entre los ciudadanos de la provincia, mediante campa\u00f1as de comunicaci\u00f3n y materiales educativos.<\/p>\n<p>Por \u00faltimo se tuvo en cuenta la iniciativa con media sanci\u00f3n de Diputados, por el cual se declara el d\u00eda 7 de septiembre de cada a\u00f1o como D\u00eda Provincial de Concientizaci\u00f3n de la enfermedad de Distrofia Muscular de Duchenne y de Becker. El Ministerio de Salud de la Provincia de Entre R\u00edos promover\u00e1 acciones de visibilizaci\u00f3n relacionadas con esta causa. Siempre que sea factible, iluminar\u00e1 la fachada de su edificio con luz roja, s\u00edmbolo internacional de la lucha contra la enfermedad o se implementar\u00e1n distintivos alusivos, como tambi\u00e9n campa\u00f1as de difusi\u00f3n y concientizaci\u00f3n sobre esta patolog\u00eda y la necesidad de detecci\u00f3n temprana.<\/p>\n<p>Presentes en la Comisi\u00f3n estuvieron los senadores Ramiro Favre (Col\u00f3n \u2013 Juntos Por Entre R\u00edos), Casiano Otaegui (Gualeguay \u2013 Juntos Por Entre R\u00edos), Rub\u00e9n Dal Mol\u00edn (Federaci\u00f3n -Juntos Por Entre R\u00edos), Marcelo Berthet (San Salvador \u2013 M\u00e1s Para Entre R\u00edos), Claudia Silva (Paran\u00e1 \u2013 M\u00e1s Para Entre R\u00edos), Gloria Cozzi (Concordia- Juntos por Entre R\u00edos), y Gustavo Vergara.<\/p>\n<p>&nbsp;<\/p>\n<p><strong>Profesionales de salud<\/strong><\/p>\n<p>A la hora 11 se reunieron los integrantes de la Comisi\u00f3n de Salud P\u00fablica y Drogadicci\u00f3n, con quienes forman parte de la Comisi\u00f3n de Presupuesto y Hacienda.<\/p>\n<p>Se analiz\u00f3 un proyecto de ley del Poder Ejecutivo sobre una serie de reformas al R\u00e9gimen Jur\u00eddico de la Carrera Profesional Asistencial Sanitaria (Ley N\u00ba 9892). Con 15 art\u00edculos, establece los cargos de la Carrera Profesional Asistencial Sanitaria que se dividen en Cargos de Titularidad Estable Concursables y Cargos Jerarquizados de Titularidad Transitoria Concursables. Asimismo, estipula la carga horaria para cada cargo y tramo de la Carrera Profesional Asistencial Sanitaria en los establecimientos asistenciales pertenecientes al Ministerio de Salud.<\/p>\n<p>Para desarrollar los alcances de la iniciativa, se hicieron presentes el secretario de Salud de la Provincia de Entre R\u00edos, Daniel Valentinuz, junto a gran parte del equipo del Ministerio, como la coordinadora general de Gesti\u00f3n ministerial, Ana Gabriela Diez; el director General de Hospitales, Mauro Gonz\u00e1lez, entre otros funcionarios.<\/p>\n<p>Valentinuz hizo hincapi\u00e9 en que la prioridad es la modificaci\u00f3n de la Ley 9892 que tiene \u201cproblemas estructurales, tiene 15 a\u00f1os y ha quedado atrasada, y ha funcionado sin reglamentaci\u00f3n\u201d. El secretario de Salud indic\u00f3 que \u201cla modificaci\u00f3n propuesta ordena el r\u00e9gimen donde se incorporan nuevas carreras que no estaban contempladas\u201d. Tambi\u00e9n resalt\u00f3 que con la reforma \u201cse ofrecen criterios claros en cuanto a las cargas horarias\u201d.<\/p>\n<p>En el intercambio con los senadores, se habl\u00f3 de la falta de m\u00e9dicos y los sueldos bajos, sobre los requisitos para concursar cargos jer\u00e1rquicos, y de la estructura de cargos en cuanto al reordenamiento escalafonario. As\u00ed tambi\u00e9n sobre la telemedicina que est\u00e1 en camino de implementarse en la provincia.<\/p>\n<p>Presentes en esta reuni\u00f3n conjunta estuvieron Gustavo Vergara y Hern\u00e1n M\u00e9ndez, presidentes de ambas Comisiones, junto a los senadores Berthet, Miranda, Cozzi, Favre, Otaegui, Silva, Dal Molin y Dom\u00ednguez.<\/p>\n<p>&nbsp;<\/p>\n<p><strong>Ambiente<\/strong><\/p>\n<p>Al mediod\u00eda tuvo lugar un encuentro de trabajo conjunto entre Legislaci\u00f3n General, y Ambiente y Desarrollo Sustentable.<\/p>\n<p>Las senadoras que encabezan las Comisiones, Miranda y Cozzi, dieron la palabra al director general de Ordenamiento Territorial de \u00c1reas Protegidas y Biodiversidad, Pablo Ace\u00f1olaza.<\/p>\n<p>En primer lugar se contempl\u00f3 un proyecto del Poder Ejecutivo que cuenta con media sanci\u00f3n de Diputados, donde se declara \u00c1rea Natural Protegida, en la modalidad Reserva de Usos M\u00faltiples, al establecimiento \u201cLes Amis\u201d, ubicado en el \u00e1rea del Centro Rural de Poblaci\u00f3n Enrique Carb\u00f3, Distrito Cuchilla Redonda, Departamento Gualeguaych\u00fa, con una superficie total de 129 Has. El funcionario explic\u00f3 a los legisladores la iniciativa que surge de un privado, por la cual \u201cestamos beneficiando la conservaci\u00f3n del ambiente\u201d.<\/p>\n<p>Por otro lado, se avanz\u00f3 en un proyecto con media sanci\u00f3n por el cual se declara Monumento Natural a la palmera Yatay (Butia Yatay), conforme lo establece la Ley 10.479 de Sistema Provincial de \u00c1reas Protegidas. Asimismo, se instituye el d\u00eda 13 de marzo de cada a\u00f1o como D\u00eda Provincial de la Palmera Yatay y de los palmares butiazales. Ace\u00f1olaza manifest\u00f3 que \u201cno hay foto de la provincia que no tenga una palmera Yatay\u201d, por lo que \u201ces justo su reconocimiento como monumento natural\u201d. En cuanto al proyecto se\u00f1al\u00f3 que se fortalecer\u00e1 su protecci\u00f3n, m\u00e1s en estos momentos donde se encuentran en alerta por un insecto que ataca a las palmas.<\/p>\n<p>Participaron del encuentro los senadores M\u00e9ndez, Vergara, Favre, Dal Mol\u00edn, Dom\u00ednguez y Silva.<\/p>\n","protected":false},"excerpt":{"rendered":"<p>Los senadores miembros de Legislaci\u00f3n General, Salud P\u00fablica y Drogadicci\u00f3n, Presupuesto y Hacienda, y Ambiente y Desarrollo Sustentable, avanzaron con distintas iniciativas legislativas, para lo cual recibieron invitados que dieron sus aportes &nbsp; &nbsp; A partir de la hora 9, en la Sala de Comisiones segundo piso de Casa de Gobierno, los integrantes de la Comisi\u00f3n de Legislaci\u00f3n General abordaron un proyecto de ley, presentado por la senadora Gladys Dom\u00ednguez (Feliciano \u2013 Peronismo Federal) para la creaci\u00f3n de un Juzgado de Primera Instancia en lo Civil, Comercial y Laboral en&#8230;<\/p>\n","protected":false},"author":3,"featured_media":134434,"comment_status":"closed","ping_status":"closed","sticky":false,"template":"","format":"standard","meta":[],"categories":[15],"tags":[],"_links":{"self":[{"href":"https:\/\/www.actualidadadiario.com\/index.php\/wp-json\/wp\/v2\/posts\/134433"}],"collection":[{"href":"https:\/\/www.actualidadadiario.com\/index.php\/wp-json\/wp\/v2\/posts"}],"about":[{"href":"https:\/\/www.actualidadadiario.com\/index.php\/wp-json\/wp\/v2\/types\/post"}],"author":[{"embeddable":true,"href":"https:\/\/www.actualidadadiario.com\/index.php\/wp-json\/wp\/v2\/users\/3"}],"replies":[{"embeddable":true,"href":"https:\/\/www.actualidadadiario.com\/index.php\/wp-json\/wp\/v2\/comments?post=134433"}],"version-history":[{"count":1,"href":"https:\/\/www.actualidadadiario.com\/index.php\/wp-json\/wp\/v2\/posts\/134433\/revisions"}],"predecessor-version":[{"id":134435,"href":"https:\/\/www.actualidadadiario.com\/index.php\/wp-json\/wp\/v2\/posts\/134433\/revisions\/134435"}],"wp:featuredmedia":[{"embeddable":true,"href":"https:\/\/www.actualidadadiario.com\/index.php\/wp-json\/wp\/v2\/media\/134434"}],"wp:attachment":[{"href":"https:\/\/www.actualidadadiario.com\/index.php\/wp-json\/wp\/v2\/media?parent=134433"}],"wp:term":[{"taxonomy":"category","embeddable":true,"href":"https:\/\/www.actualidadadiario.com\/index.php\/wp-json\/wp\/v2\/categories?post=134433"},{"taxonomy":"post_tag","embeddable":true,"href":"https:\/\/www.actualidadadiario.com\/index.php\/wp-json\/wp\/v2\/tags?post=134433"}],"curies":[{"name":"wp","href":"https:\/\/api.w.org\/{rel}","templated":true}]}}