{"id":134431,"date":"2025-12-10T09:26:34","date_gmt":"2025-12-10T12:26:34","guid":{"rendered":"https:\/\/www.actualidadadiario.com\/?p=134431"},"modified":"2025-12-10T09:26:34","modified_gmt":"2025-12-10T12:26:34","slug":"el-gobierno-provincial-definio-el-asueto-y-receso-administrativo-de-fin-de-ano","status":"publish","type":"post","link":"https:\/\/www.actualidadadiario.com\/index.php\/2025\/12\/10\/el-gobierno-provincial-definio-el-asueto-y-receso-administrativo-de-fin-de-ano\/","title":{"rendered":"El gobierno provincial defini\u00f3 el asueto y receso administrativo de fin de a\u00f1o"},"content":{"rendered":"<p style=\"text-align: center;\"><em><strong>Mediante un decreto firmado por el gobernador de la provincia, Rogelio Frigerio, y el ministro de Gobierno y Trabajo, Manuel Troncoso, se decidi\u00f3 este martes otorgar \u201casueto al personal de la Administraci\u00f3n P\u00fablica Provincial los d\u00edas 24 y 31 de diciembre de 2025 y 2 de enero de 2026\u201d y disponer \u201creceso administrativo en el \u00e1mbito de la Administraci\u00f3n P\u00fablica Central, durante el per\u00edodo comprendido entre los d\u00edas 26, 29 y 30 de diciembre de 2025 y desde el 5 al 16 de enero de 2026 inclusive, el que se computar\u00e1 a cuenta de la licencia anual ordinaria de los agentes\u201d<\/strong><\/em><\/p>\n<p>&nbsp;<\/p>\n<p>&nbsp;<\/p>\n<p>En el art\u00edculo 3\u00b0 del decreto se dispone \u201cla suspensi\u00f3n de los plazos administrativos, excepto los referidos a los procedimientos de selecci\u00f3n del co-contratante estatal bajo la ley de contabilidad y la de obras p\u00fablicas que no refieran a reclamos o recursos administrativos; los concernientes a las operaciones de cr\u00e9dito p\u00fablico; a los procedimientos de los registros p\u00fablicos y a los que expresamente las autoridades m\u00e1ximas de cada jurisdicci\u00f3n les habiliten d\u00eda y hora mediante la emisi\u00f3n de los actos administrativos de su competencia, en los per\u00edodos antes consignados\u201d.<\/p>\n<p>Se indica tambi\u00e9n que los ministros y secretarios \u201cestablecer\u00e1n las medidas necesarias a efectos de garantizar los servicios esenciales y el funcionamiento de sus dependencias en los per\u00edodos de asueto y receso, pudiendo disponer en su \u00e1mbito las modalidades bajo las cuales se prestar\u00e1n servicios los agentes responsables, debiendo garantizarse el cumplimiento de la jornada laboral completa por parte de los trabajadores que prestaren tareas, as\u00ed como los lineamientos a seguir para la atenci\u00f3n de situaciones extraordinarias y\/o de urgencia que se susciten\u201d.<\/p>\n<p>La medida responde a \u201cla proximidad de las festividades de Navidad y a\u00f1o nuevo, que constituyen tradicionalmente motivo de reuniones familiares, y con intenci\u00f3n de facilitar el acercamiento de quienes, por diversas causas, se domicilian lejos de sus seres queridos\u201d y se tiene en cuenta que \u201cen v\u00edsperas de las fiestas, como as\u00ed tambi\u00e9n durante el mes de enero, se observa una marcada disminuci\u00f3n de tr\u00e1mites y gestiones en \u00e1reas vinculadas con los restantes Poderes del Estado, en virtud de la feria del Poder Judicial y per\u00edodo de sesiones legislativas\u201d.<\/p>\n","protected":false},"excerpt":{"rendered":"<p>Mediante un decreto firmado por el gobernador de la provincia, Rogelio Frigerio, y el ministro de Gobierno y Trabajo, Manuel Troncoso, se decidi\u00f3 este martes otorgar \u201casueto al personal de la Administraci\u00f3n P\u00fablica Provincial los d\u00edas 24 y 31 de diciembre de 2025 y 2 de enero de 2026\u201d y disponer \u201creceso administrativo en el \u00e1mbito de la Administraci\u00f3n P\u00fablica Central, durante el per\u00edodo comprendido entre los d\u00edas 26, 29 y 30 de diciembre de 2025 y desde el 5 al 16 de enero de 2026 inclusive, el que se&#8230;<\/p>\n","protected":false},"author":3,"featured_media":122050,"comment_status":"closed","ping_status":"closed","sticky":false,"template":"","format":"standard","meta":[],"categories":[15],"tags":[],"_links":{"self":[{"href":"https:\/\/www.actualidadadiario.com\/index.php\/wp-json\/wp\/v2\/posts\/134431"}],"collection":[{"href":"https:\/\/www.actualidadadiario.com\/index.php\/wp-json\/wp\/v2\/posts"}],"about":[{"href":"https:\/\/www.actualidadadiario.com\/index.php\/wp-json\/wp\/v2\/types\/post"}],"author":[{"embeddable":true,"href":"https:\/\/www.actualidadadiario.com\/index.php\/wp-json\/wp\/v2\/users\/3"}],"replies":[{"embeddable":true,"href":"https:\/\/www.actualidadadiario.com\/index.php\/wp-json\/wp\/v2\/comments?post=134431"}],"version-history":[{"count":1,"href":"https:\/\/www.actualidadadiario.com\/index.php\/wp-json\/wp\/v2\/posts\/134431\/revisions"}],"predecessor-version":[{"id":134432,"href":"https:\/\/www.actualidadadiario.com\/index.php\/wp-json\/wp\/v2\/posts\/134431\/revisions\/134432"}],"wp:featuredmedia":[{"embeddable":true,"href":"https:\/\/www.actualidadadiario.com\/index.php\/wp-json\/wp\/v2\/media\/122050"}],"wp:attachment":[{"href":"https:\/\/www.actualidadadiario.com\/index.php\/wp-json\/wp\/v2\/media?parent=134431"}],"wp:term":[{"taxonomy":"category","embeddable":true,"href":"https:\/\/www.actualidadadiario.com\/index.php\/wp-json\/wp\/v2\/categories?post=134431"},{"taxonomy":"post_tag","embeddable":true,"href":"https:\/\/www.actualidadadiario.com\/index.php\/wp-json\/wp\/v2\/tags?post=134431"}],"curies":[{"name":"wp","href":"https:\/\/api.w.org\/{rel}","templated":true}]}}