{"id":134428,"date":"2025-12-10T09:27:18","date_gmt":"2025-12-10T12:27:18","guid":{"rendered":"https:\/\/www.actualidadadiario.com\/?p=134428"},"modified":"2025-12-10T09:25:50","modified_gmt":"2025-12-10T12:25:50","slug":"frigerio-celebro-la-baja-de-retenciones-y-afirmo-que-la-argentina-esta-en-la-direccion-correcta","status":"publish","type":"post","link":"https:\/\/www.actualidadadiario.com\/index.php\/2025\/12\/10\/frigerio-celebro-la-baja-de-retenciones-y-afirmo-que-la-argentina-esta-en-la-direccion-correcta\/","title":{"rendered":"Frigerio celebr\u00f3 la baja de retenciones y afirm\u00f3 que &#8220;la Argentina est\u00e1 en la direcci\u00f3n correcta&#8221;"},"content":{"rendered":"<p style=\"text-align: center;\"><em><strong>El gobernador Rogelio Frigerio destac\u00f3 la decisi\u00f3n del gobierno nacional de reducir nuevamente las retenciones, al considerar que &#8220;es un paso m\u00e1s en el rumbo correcto para aliviar la carga sobre quienes producen, mejorar la competitividad y darle aire a nuestras econom\u00edas regionales&#8221;<\/strong><\/em><\/p>\n<p>&nbsp;<\/p>\n<p>&nbsp;<\/p>\n<p>&#8220;Celebro la decisi\u00f3n del gobierno nacional de volver a bajar las retenciones. Es un paso m\u00e1s en el rumbo correcto: aliviar la carga sobre quienes producen, mejorar la competitividad y darle aire a nuestras econom\u00edas regionales&#8221;, se\u00f1al\u00f3 el mandatario entrerriano en su cuenta de X.<\/p>\n<p>Frigerio remarc\u00f3 que para provincias productivas como Entre R\u00edos la medida tiene un impacto directo en la inversi\u00f3n y en la generaci\u00f3n de empleo genuino. &#8220;Para provincias productivas como la nuestra, cada punto menos se traduce en m\u00e1s inversi\u00f3n, m\u00e1s actividad y m\u00e1s empleo privado&#8221;, afirm\u00f3.<\/p>\n<p>Al mismo tiempo, sostuvo que la reducci\u00f3n es solo un avance dentro de un camino que debe profundizarse: &#8220;Y aunque este es un avance importante, la Argentina tiene que seguir en esta direcci\u00f3n hasta poder eliminarlas definitivamente&#8221;.<\/p>\n<p>Finalmente, el gobernador reiter\u00f3 que Entre R\u00edos acompa\u00f1ar\u00e1 cada decisi\u00f3n que contribuya a dinamizar el campo y fortalecer las econom\u00edas regionales: &#8220;Desde Entre R\u00edos vamos a acompa\u00f1ar cada medida que potencie al campo y a las econom\u00edas regionales. Estamos en la direcci\u00f3n correcta&#8221;.<\/p>\n","protected":false},"excerpt":{"rendered":"<p>El gobernador Rogelio Frigerio destac\u00f3 la decisi\u00f3n del gobierno nacional de reducir nuevamente las retenciones, al considerar que &#8220;es un paso m\u00e1s en el rumbo correcto para aliviar la carga sobre quienes producen, mejorar la competitividad y darle aire a nuestras econom\u00edas regionales&#8221; &nbsp; &nbsp; &#8220;Celebro la decisi\u00f3n del gobierno nacional de volver a bajar las retenciones. Es un paso m\u00e1s en el rumbo correcto: aliviar la carga sobre quienes producen, mejorar la competitividad y darle aire a nuestras econom\u00edas regionales&#8221;, se\u00f1al\u00f3 el mandatario entrerriano en su cuenta de X&#8230;.<\/p>\n","protected":false},"author":3,"featured_media":134429,"comment_status":"closed","ping_status":"closed","sticky":false,"template":"","format":"standard","meta":[],"categories":[15],"tags":[],"_links":{"self":[{"href":"https:\/\/www.actualidadadiario.com\/index.php\/wp-json\/wp\/v2\/posts\/134428"}],"collection":[{"href":"https:\/\/www.actualidadadiario.com\/index.php\/wp-json\/wp\/v2\/posts"}],"about":[{"href":"https:\/\/www.actualidadadiario.com\/index.php\/wp-json\/wp\/v2\/types\/post"}],"author":[{"embeddable":true,"href":"https:\/\/www.actualidadadiario.com\/index.php\/wp-json\/wp\/v2\/users\/3"}],"replies":[{"embeddable":true,"href":"https:\/\/www.actualidadadiario.com\/index.php\/wp-json\/wp\/v2\/comments?post=134428"}],"version-history":[{"count":1,"href":"https:\/\/www.actualidadadiario.com\/index.php\/wp-json\/wp\/v2\/posts\/134428\/revisions"}],"predecessor-version":[{"id":134430,"href":"https:\/\/www.actualidadadiario.com\/index.php\/wp-json\/wp\/v2\/posts\/134428\/revisions\/134430"}],"wp:featuredmedia":[{"embeddable":true,"href":"https:\/\/www.actualidadadiario.com\/index.php\/wp-json\/wp\/v2\/media\/134429"}],"wp:attachment":[{"href":"https:\/\/www.actualidadadiario.com\/index.php\/wp-json\/wp\/v2\/media?parent=134428"}],"wp:term":[{"taxonomy":"category","embeddable":true,"href":"https:\/\/www.actualidadadiario.com\/index.php\/wp-json\/wp\/v2\/categories?post=134428"},{"taxonomy":"post_tag","embeddable":true,"href":"https:\/\/www.actualidadadiario.com\/index.php\/wp-json\/wp\/v2\/tags?post=134428"}],"curies":[{"name":"wp","href":"https:\/\/api.w.org\/{rel}","templated":true}]}}