{"id":134425,"date":"2025-12-10T09:24:12","date_gmt":"2025-12-10T12:24:12","guid":{"rendered":"https:\/\/www.actualidadadiario.com\/?p=134425"},"modified":"2025-12-10T09:24:12","modified_gmt":"2025-12-10T12:24:12","slug":"el-gobierno-provincial-actualizo-el-esquema-de-tasas-y-contribuciones-en-la-factura-electrica","status":"publish","type":"post","link":"https:\/\/www.actualidadadiario.com\/index.php\/2025\/12\/10\/el-gobierno-provincial-actualizo-el-esquema-de-tasas-y-contribuciones-en-la-factura-electrica\/","title":{"rendered":"El gobierno provincial actualiz\u00f3 el esquema de tasas y contribuciones en la factura el\u00e9ctrica"},"content":{"rendered":"<p style=\"text-align: center;\"><em><strong>El Gobierno de Entre R\u00edos dispuso, mediante el decreto N\u00ba 3578, una actualizaci\u00f3n del esquema de tasas y contribuciones vinculadas a la prestaci\u00f3n del servicio el\u00e9ctrico. El objetivo es aliviar la carga fiscal sobre los usuarios finales y generar condiciones m\u00e1s competitivas para el desarrollo productivo entrerriano<\/strong><\/em><\/p>\n<p>&nbsp;<\/p>\n<p>&nbsp;<\/p>\n<p>Seg\u00fan explicaron, \u201cesta medida se enmarca en el compromiso del gobernador Rogelio Frigerio de avanzar hacia una estructura tributaria m\u00e1s simple, razonable y orientada al crecimiento, en un contexto de fuertes incrementos en los precios mayoristas de la energ\u00eda a nivel nacional\u201d.<\/p>\n<p>&nbsp;<\/p>\n<p><strong>Reducci\u00f3n de tasas municipales y protecci\u00f3n al usuario final<\/strong><\/p>\n<p>A partir del 1\u00b0 de enero de 2026, las concesionarias del servicio el\u00e9ctrico deber\u00e1n actuar como agentes de percepci\u00f3n de las tasas municipales por alumbrado p\u00fablico, reduci\u00e9ndose el l\u00edmite m\u00e1ximo del 16 al 13 por ciento para todos los usuarios finales. El prop\u00f3sito es amortiguar el impacto de las tasas locales en la factura de luz.<\/p>\n<p>El gobernador defini\u00f3 este tope como una herramienta fundamental para &#8220;evitar distorsiones y garantizar que la energ\u00eda sea accesible para las familias entrerrianas&#8221;.<\/p>\n<p>&nbsp;<\/p>\n<p><strong>Sostenimiento de beneficios para la industria entrerriana<\/strong><\/p>\n<p>Para los usuarios industriales, el decreto asegura la continuidad de lo dispuesto en el decreto N\u00ba 7269\/04, que establece la exenci\u00f3n de tasas en la factura el\u00e9ctrica. La decisi\u00f3n busca preservar la competitividad del sector productivo ante el incremento del costo mayorista de la energ\u00eda dispuesto por la Naci\u00f3n.<\/p>\n<p>&#8220;Cada punto de competitividad cuenta. Nuestro compromiso es que la industria entrerriana pueda seguir creciendo y generando empleo&#8221;, se\u00f1alaron desde el Ejecutivo.<\/p>\n<p>&nbsp;<\/p>\n<p><strong>Acuerdo con Municipios<\/strong><\/p>\n<p>La provincia ratific\u00f3 adem\u00e1s el Acta Acuerdo con los Municipios, mediante la cual se reduce del 8,69 al 6 por ciento la contribuci\u00f3n municipal \u00fanica asociada al servicio el\u00e9ctrico.<\/p>\n<p>El objetivo es transparentar los costos del servicio, garantizar tarifas razonables y evitar que los usuarios deban absorber conceptos ajenos a la prestaci\u00f3n esencial de la energ\u00eda el\u00e9ctrica.<\/p>\n<p>El decreto tambi\u00e9n instruye a la Secretar\u00eda de Energ\u00eda y al EPRE a dictar las normativas necesarias para asegurar la correcta aplicaci\u00f3n de las nuevas reglas, de modo que los beneficios lleguen efectivamente a hogares, comercios e industrias.<\/p>\n<p>&#8220;Entre R\u00edos est\u00e1 ordenando su estructura energ\u00e9tica para proteger a las familias y acompa\u00f1ar a quienes producen. Es un paso m\u00e1s en la decisi\u00f3n de reducir los grav\u00e1menes que afectan la competitividad de la provincia&#8221;, destacaron desde el gobierno provincial.<\/p>\n","protected":false},"excerpt":{"rendered":"<p>El Gobierno de Entre R\u00edos dispuso, mediante el decreto N\u00ba 3578, una actualizaci\u00f3n del esquema de tasas y contribuciones vinculadas a la prestaci\u00f3n del servicio el\u00e9ctrico. El objetivo es aliviar la carga fiscal sobre los usuarios finales y generar condiciones m\u00e1s competitivas para el desarrollo productivo entrerriano &nbsp; &nbsp; Seg\u00fan explicaron, \u201cesta medida se enmarca en el compromiso del gobernador Rogelio Frigerio de avanzar hacia una estructura tributaria m\u00e1s simple, razonable y orientada al crecimiento, en un contexto de fuertes incrementos en los precios mayoristas de la energ\u00eda a nivel&#8230;<\/p>\n","protected":false},"author":3,"featured_media":134426,"comment_status":"closed","ping_status":"closed","sticky":false,"template":"","format":"standard","meta":[],"categories":[9],"tags":[],"_links":{"self":[{"href":"https:\/\/www.actualidadadiario.com\/index.php\/wp-json\/wp\/v2\/posts\/134425"}],"collection":[{"href":"https:\/\/www.actualidadadiario.com\/index.php\/wp-json\/wp\/v2\/posts"}],"about":[{"href":"https:\/\/www.actualidadadiario.com\/index.php\/wp-json\/wp\/v2\/types\/post"}],"author":[{"embeddable":true,"href":"https:\/\/www.actualidadadiario.com\/index.php\/wp-json\/wp\/v2\/users\/3"}],"replies":[{"embeddable":true,"href":"https:\/\/www.actualidadadiario.com\/index.php\/wp-json\/wp\/v2\/comments?post=134425"}],"version-history":[{"count":1,"href":"https:\/\/www.actualidadadiario.com\/index.php\/wp-json\/wp\/v2\/posts\/134425\/revisions"}],"predecessor-version":[{"id":134427,"href":"https:\/\/www.actualidadadiario.com\/index.php\/wp-json\/wp\/v2\/posts\/134425\/revisions\/134427"}],"wp:featuredmedia":[{"embeddable":true,"href":"https:\/\/www.actualidadadiario.com\/index.php\/wp-json\/wp\/v2\/media\/134426"}],"wp:attachment":[{"href":"https:\/\/www.actualidadadiario.com\/index.php\/wp-json\/wp\/v2\/media?parent=134425"}],"wp:term":[{"taxonomy":"category","embeddable":true,"href":"https:\/\/www.actualidadadiario.com\/index.php\/wp-json\/wp\/v2\/categories?post=134425"},{"taxonomy":"post_tag","embeddable":true,"href":"https:\/\/www.actualidadadiario.com\/index.php\/wp-json\/wp\/v2\/tags?post=134425"}],"curies":[{"name":"wp","href":"https:\/\/api.w.org\/{rel}","templated":true}]}}