{"id":134422,"date":"2025-12-05T10:39:24","date_gmt":"2025-12-05T13:39:24","guid":{"rendered":"https:\/\/www.actualidadadiario.com\/?p=134422"},"modified":"2025-12-05T10:39:24","modified_gmt":"2025-12-05T13:39:24","slug":"reforma-laboral-los-cambios-que-trae-el-borrador-que-preparo-el-gobierno","status":"publish","type":"post","link":"https:\/\/www.actualidadadiario.com\/index.php\/2025\/12\/05\/reforma-laboral-los-cambios-que-trae-el-borrador-que-preparo-el-gobierno\/","title":{"rendered":"Reforma laboral: los cambios que trae el borrador que prepar\u00f3 el Gobierno"},"content":{"rendered":"<p style=\"text-align: center;\"><em><strong>El nuevo borrador de la reforma laboral flexibiliza vacaciones, habilita bancos de horas y limita indemnizaciones<\/strong><\/em><\/p>\n<p>&nbsp;<\/p>\n<p>&nbsp;<\/p>\n<p>El Gobierno nacional dio un nuevo paso en su objetivo de transformar el mercado laboral argentino y present\u00f3 un borrador ampliado de la reforma que negocia con empresarios, sindicalistas y especialistas. El texto apunta a reducir la litigiosidad, modernizar procesos administrativos y flexibilizar modalidades laborales que, seg\u00fan el Ejecutivo, quedaron desactualizadas frente a los cambios econ\u00f3micos y tecnol\u00f3gicos de los \u00faltimos a\u00f1os.<\/p>\n<p>La iniciativa vuelve a tensar la agenda pol\u00edtica: las centrales sindicales advierten que la reforma debilita derechos hist\u00f3ricos, mientras que el sector empresario la considera una oportunidad para impulsar la formalizaci\u00f3n y reducir costos. Aunque el proyecto a\u00fan no tiene fecha confirmada de ingreso al Congreso, las negociaciones avanzan y la redacci\u00f3n actual ya anticipa cambios profundos.<\/p>\n<p>&nbsp;<\/p>\n<p><strong>Vacaciones: se mantiene el derecho, pero aumenta la flexibilidad<\/strong><\/p>\n<p>El borrador ratifica el derecho al descanso anual remunerado, pero redefine su organizaci\u00f3n. Las vacaciones deber\u00e1n otorgarse entre octubre y abril, con un aviso al trabajador de al menos 45 d\u00edas. Se habilita, adem\u00e1s, el fraccionamiento del per\u00edodo vacacional, una demanda recurrente de sectores productivos estacionales y tambi\u00e9n de trabajadores con hijos en edad escolar.<\/p>\n<p>El Gobierno incorpor\u00f3 una novedad clave: empleadores y trabajadores podr\u00e1n acordar, individual o colectivamente, extender el per\u00edodo de vacaciones m\u00e1s all\u00e1 de los m\u00ednimos legales. La intenci\u00f3n oficial es permitir esquemas m\u00e1s flexibles y evitar acumulaciones forzadas de d\u00edas pendientes.<\/p>\n<p>&nbsp;<\/p>\n<p><strong>Banco de horas y fin de la jornada r\u00edgida<\/strong><\/p>\n<p>Uno de los puntos m\u00e1s discutidos es la habilitaci\u00f3n del banco de horas. El proyecto permite, mediante convenio, reemplazar horas extra por d\u00edas de descanso compensatorio. Es decir, la jornada podr\u00e1 extenderse en algunos d\u00edas y reducirse en otros, siempre dentro del l\u00edmite m\u00e1ximo legal semanal.<\/p>\n<p>El borrador fija un descanso obligatorio m\u00ednimo de 12 horas entre jornadas y un descanso semanal no menor a 35 horas. Tambi\u00e9n aclara que cualquier modificaci\u00f3n de la jornada necesita el aval de convenios colectivos o acuerdos espec\u00edficos, lo que deja margen a cada sector para definir su esquema productivo.<\/p>\n<p>Los sindicatos alertan que este cambio podr\u00eda traducirse en mayor presi\u00f3n sobre el tiempo de trabajo y menos pago de horas extra. Para el Gobierno, en cambio, se trata de una herramienta moderna que permite compatibilizar empleo formal con picos de actividad.<\/p>\n<p>&nbsp;<\/p>\n<p><strong>Indemnizaciones y despidos: nuevos mecanismos y topes de c\u00e1lculo<\/strong><\/p>\n<p>La reforma propone transformar el sistema de indemnizaciones. Aunque se mantiene la posibilidad de cobrar la indemnizaci\u00f3n tradicional por despido sin causa, el c\u00e1lculo se restringe a salarios b\u00e1sicos y remuneraciones ordinarias, dejando afuera pagos extraordinarios, premios o montos transitorios.<\/p>\n<p>Otra novedad relevante es la posibilidad de que cada sector adopte un fondo de cese laboral o un seguro, inspirado en modelos vigentes en otros pa\u00edses. Ese fondo ser\u00eda financiado por aportes mensuales y cubrir\u00eda parte o la totalidad del costo en caso de despido. La medida divide aguas: mientras algunos la ven como un mecanismo de previsibilidad, otros temen que reduzca la protecci\u00f3n del trabajador frente a la arbitrariedad empresarial.<\/p>\n<p>Para los despidos con causa, la reforma incorpora la obligaci\u00f3n de justificar claramente los motivos y notificar al trabajador por v\u00eda electr\u00f3nica. La persona tendr\u00e1 derecho a defensa, tanto administrativa como judicial, y deber\u00e1 quedar constancia del intercambio completo.<\/p>\n<p>&nbsp;<\/p>\n<p><strong>Plataformas digitales: reconocimiento del v\u00ednculo laboral<\/strong><\/p>\n<p>Uno de los aspectos m\u00e1s novedosos es la incorporaci\u00f3n de un r\u00e9gimen espec\u00edfico para trabajadores de plataformas. El borrador reconoce formalmente la relaci\u00f3n laboral para quienes prestan servicios de movilidad, reparto o tareas digitales bajo control de aplicaciones. Esto obliga a las empresas a registrar a los trabajadores, aportar a la seguridad social, garantizar cobertura ante accidentes y respetar l\u00edmites de jornada y descanso.<\/p>\n<p>La industria tecnol\u00f3gica observa con cautela este punto: algunas plataformas ven con riesgo un esquema que aumenta costos y rigidez, mientras que organizaciones de repartidores valoran la protecci\u00f3n frente a accidentes y la previsibilidad salarial.<\/p>\n<p>&nbsp;<\/p>\n<p><strong>Digitalizaci\u00f3n obligatoria: menos papeles, m\u00e1s control<\/strong><\/p>\n<p>El proyecto impulsa la digitalizaci\u00f3n de recibos de sueldo, constancias laborales, asistencia y documentaci\u00f3n interna. Todo tendr\u00e1 validez legal equivalente al formato en papel. La medida busca modernizar procesos, reducir burocracia y facilitar inspecciones, ya que la informaci\u00f3n deber\u00e1 estar disponible en tiempo real para organismos de control.<\/p>\n<p>Para las empresas, la digitalizaci\u00f3n promete simplificar tr\u00e1mites. Para los trabajadores, el desaf\u00edo ser\u00e1 garantizar que el acceso a la documentaci\u00f3n sea sencillo, trazable y sin restricciones.<\/p>\n<p>&nbsp;<\/p>\n<p><strong>Cr\u00edticas: flexibilizaci\u00f3n, precarizaci\u00f3n y riesgos jur\u00eddicos<\/strong><\/p>\n<p>Las centrales sindicales advierten que el proyecto reduce la protecci\u00f3n laboral y abre la puerta a mayor precarizaci\u00f3n. Se\u00f1alan como puntos sensibles la flexibilizaci\u00f3n de la jornada, el banco de horas, el fondo de cese y el recorte en el c\u00e1lculo indemnizatorio.<\/p>\n<p>Especialistas en derecho laboral tambi\u00e9n observaron que la compensaci\u00f3n de horas puede derivar en jornadas largas, sin pago adicional, si los controles no son estrictos. A esto se suma la preocupaci\u00f3n por la digitalizaci\u00f3n obligatoria, que podr\u00eda exponer datos sensibles si no se garantiza un protocolo robusto.<\/p>\n<p>&nbsp;<\/p>\n<p><strong>Un debate que reci\u00e9n empieza<\/strong><\/p>\n<p>Aunque el borrador avanz\u00f3 en su redacci\u00f3n, todav\u00eda no hay un texto definitivo. Parte de la letra chica quedar\u00e1 en manos de las negociaciones sectoriales: bancos de horas, fondos de cese, ampliaciones de vacaciones y modalidades de trabajo podr\u00e1n variar seg\u00fan rama o convenio colectivo.<\/p>\n<p>La discusi\u00f3n promete ser una de las m\u00e1s fuertes de 2026. Para el Gobierno, la reforma es un requisito para impulsar empleo formal y reducir costos. Para los sindicatos, es un retroceso que desprotege al trabajador en un mercado atravesado por la incertidumbre econ\u00f3mica.<\/p>\n<p>El proyecto final ser\u00e1 determinante para entender qu\u00e9 tipo de modelo laboral se busca construir en la pr\u00f3xima etapa pol\u00edtica del pa\u00eds.<\/p>\n","protected":false},"excerpt":{"rendered":"<p>El nuevo borrador de la reforma laboral flexibiliza vacaciones, habilita bancos de horas y limita indemnizaciones &nbsp; &nbsp; El Gobierno nacional dio un nuevo paso en su objetivo de transformar el mercado laboral argentino y present\u00f3 un borrador ampliado de la reforma que negocia con empresarios, sindicalistas y especialistas. El texto apunta a reducir la litigiosidad, modernizar procesos administrativos y flexibilizar modalidades laborales que, seg\u00fan el Ejecutivo, quedaron desactualizadas frente a los cambios econ\u00f3micos y tecnol\u00f3gicos de los \u00faltimos a\u00f1os. La iniciativa vuelve a tensar la agenda pol\u00edtica: las centrales&#8230;<\/p>\n","protected":false},"author":3,"featured_media":128297,"comment_status":"closed","ping_status":"closed","sticky":false,"template":"","format":"standard","meta":[],"categories":[9],"tags":[],"_links":{"self":[{"href":"https:\/\/www.actualidadadiario.com\/index.php\/wp-json\/wp\/v2\/posts\/134422"}],"collection":[{"href":"https:\/\/www.actualidadadiario.com\/index.php\/wp-json\/wp\/v2\/posts"}],"about":[{"href":"https:\/\/www.actualidadadiario.com\/index.php\/wp-json\/wp\/v2\/types\/post"}],"author":[{"embeddable":true,"href":"https:\/\/www.actualidadadiario.com\/index.php\/wp-json\/wp\/v2\/users\/3"}],"replies":[{"embeddable":true,"href":"https:\/\/www.actualidadadiario.com\/index.php\/wp-json\/wp\/v2\/comments?post=134422"}],"version-history":[{"count":1,"href":"https:\/\/www.actualidadadiario.com\/index.php\/wp-json\/wp\/v2\/posts\/134422\/revisions"}],"predecessor-version":[{"id":134423,"href":"https:\/\/www.actualidadadiario.com\/index.php\/wp-json\/wp\/v2\/posts\/134422\/revisions\/134423"}],"wp:featuredmedia":[{"embeddable":true,"href":"https:\/\/www.actualidadadiario.com\/index.php\/wp-json\/wp\/v2\/media\/128297"}],"wp:attachment":[{"href":"https:\/\/www.actualidadadiario.com\/index.php\/wp-json\/wp\/v2\/media?parent=134422"}],"wp:term":[{"taxonomy":"category","embeddable":true,"href":"https:\/\/www.actualidadadiario.com\/index.php\/wp-json\/wp\/v2\/categories?post=134422"},{"taxonomy":"post_tag","embeddable":true,"href":"https:\/\/www.actualidadadiario.com\/index.php\/wp-json\/wp\/v2\/tags?post=134422"}],"curies":[{"name":"wp","href":"https:\/\/api.w.org\/{rel}","templated":true}]}}