{"id":134411,"date":"2025-12-05T10:13:16","date_gmt":"2025-12-05T13:13:16","guid":{"rendered":"https:\/\/www.actualidadadiario.com\/?p=134411"},"modified":"2025-12-05T10:13:16","modified_gmt":"2025-12-05T13:13:16","slug":"maxima-alerta-solar-el-indice-de-rayos-uv-sera-extremo-en-gran-parte-de-argentina-y-representa-un-serio-peligro-para-la-salud","status":"publish","type":"post","link":"https:\/\/www.actualidadadiario.com\/index.php\/2025\/12\/05\/maxima-alerta-solar-el-indice-de-rayos-uv-sera-extremo-en-gran-parte-de-argentina-y-representa-un-serio-peligro-para-la-salud\/","title":{"rendered":"M\u00e1xima alerta solar: el \u00edndice de rayos UV ser\u00e1 extremo en gran parte de Argentina y representa un serio peligro para la salud"},"content":{"rendered":"<p style=\"text-align: center;\"><em><strong>Las proyecciones del Servicio Meteorol\u00f3gico indican niveles altos de radiaci\u00f3n. Adem\u00e1s, aconsejan consultar c\u00f3mo estar\u00e1 el \u00edndice de rayos ultravioletas en tu zona y qu\u00e9 precauciones tomar para proteger la salud<\/strong><\/em><\/p>\n<p>&nbsp;<\/p>\n<p>&nbsp;<\/p>\n<p>n la Ciudad Aut\u00f3noma de Buenos Aires (CABA) y la provincia de Buenos Aires (PBA) se pronostica para este 5 de diciembre un \u00edndice de radiaci\u00f3n ultravioleta m\u00e1ximo que alcanzar\u00e1 niveles de 11, lo que lo ubica en la categor\u00eda de riesgo extremo (&#8220;muy poco saludable&#8221;). Se deben extremar las precauciones por la intensidad del sol, que aumenta notablemente en verano, en especial entre las 10 y las 16 horas.<\/p>\n<p>Seg\u00fan informes del Servicio Meteorol\u00f3gico Nacional (SMN) y otros organismos, amplias zonas de Argentina, incluyendo el Litoral, Cuyo y gran parte de la Patagonia, tambi\u00e9n presentar\u00e1n \u00edndices de radiaci\u00f3n UV en categor\u00edas alto a extremo (entre 8 y 11+). Esto implica un riesgo de da\u00f1o solar muy elevado para la piel y los ojos, especialmente durante jornadas de exposici\u00f3n prolongada.<\/p>\n<p>&nbsp;<\/p>\n<p><strong>Qu\u00e9 es el \u00edndice UV y por qu\u00e9 es importante para la salud<\/strong><\/p>\n<p>El \u00cdndice UV Solar Mundial (IUV) es una medida est\u00e1ndar internacional, promovida por organismos como la Organizaci\u00f3n Mundial de la Salud (OMS) y la Organizaci\u00f3n Panamericana de la Salud (OPS), que indica la intensidad de la radiaci\u00f3n ultravioleta solar que llega a la superficie terrestre en un d\u00eda y lugar determinados. Su valor se expresa en una escala que comienza en 0 y puede superar el valor de 11, clasificado como &#8220;extremo&#8221;.<\/p>\n<p>El IUV se clasifica en categor\u00edas que van de bajo (1-2) a extremo (11+). Cuanto m\u00e1s alto es el valor, mayor es el riesgo de sufrir lesiones cut\u00e1neas y oculares por la exposici\u00f3n al sol. Es crucial conocerlo porque, a partir de un valor de 3, la OMS recomienda empezar a aplicar medidas de protecci\u00f3n solar, permitiendo a la poblaci\u00f3n tomar decisiones informadas para prevenir efectos adversos a corto y largo plazo.<\/p>\n<p>&nbsp;<\/p>\n<p><strong>El peligro de los rayos ultravioletas del sol para la salud<\/strong><\/p>\n<p>La exposici\u00f3n excesiva y sin protecci\u00f3n a la radiaci\u00f3n ultravioleta es el principal factor de riesgo ambiental para el desarrollo de c\u00e1ncer de piel, incluyendo el melanoma. La radiaci\u00f3n UV da\u00f1a el ADN de las c\u00e9lulas cut\u00e1neas, lo que con el tiempo puede provocar un crecimiento celular descontrolado. Adem\u00e1s, el sol es responsable del envejecimiento prematuro de la piel y de la aparici\u00f3n de manchas.<\/p>\n<p>A corto plazo, la radiaci\u00f3n UV tambi\u00e9n puede causar quemaduras solares (eritema), que son dolorosas y aumentan significativamente el riesgo de da\u00f1o acumulativo. No solo la piel est\u00e1 en peligro: la OPS advierte que los ojos pueden sufrir lesiones graves como cataratas, pterigi\u00f3n y fotoqueratitis, especialmente por la exposici\u00f3n prolongada y sin la protecci\u00f3n adecuada.<\/p>\n<p>&nbsp;<\/p>\n<p><strong>Recomendaciones para el cuidado personal<\/strong><\/p>\n<p>Ante un \u00edndice UV alto o extremo, la OMS recomienda encarecidamente evitar la exposici\u00f3n al sol durante las horas centrales del d\u00eda, que generalmente son entre las 10 y las 16 horas. Si es inevitable salir, se debe buscar activamente la sombra y no depender solo de la sensaci\u00f3n t\u00e9rmica, ya que la radiaci\u00f3n UV es peligrosa incluso en d\u00edas nublados o frescos.<\/p>\n<p>Las medidas de protecci\u00f3n personal son esenciales. Se debe usar un protector solar de amplio espectro con un factor de protecci\u00f3n solar (FPS) de 30 o superior, aplic\u00e1ndolo generosamente y volviendo a aplicarlo cada dos horas, o inmediatamente despu\u00e9s de nadar o transpirar. Adem\u00e1s, es vital usar ropa que cubra la mayor parte del cuerpo, sombreros de ala ancha y gafas de sol que filtren el 99% o 100% de los rayos UVA y UVB.<\/p>\n","protected":false},"excerpt":{"rendered":"<p>Las proyecciones del Servicio Meteorol\u00f3gico indican niveles altos de radiaci\u00f3n. Adem\u00e1s, aconsejan consultar c\u00f3mo estar\u00e1 el \u00edndice de rayos ultravioletas en tu zona y qu\u00e9 precauciones tomar para proteger la salud &nbsp; &nbsp; n la Ciudad Aut\u00f3noma de Buenos Aires (CABA) y la provincia de Buenos Aires (PBA) se pronostica para este 5 de diciembre un \u00edndice de radiaci\u00f3n ultravioleta m\u00e1ximo que alcanzar\u00e1 niveles de 11, lo que lo ubica en la categor\u00eda de riesgo extremo (&#8220;muy poco saludable&#8221;). Se deben extremar las precauciones por la intensidad del sol, que&#8230;<\/p>\n","protected":false},"author":3,"featured_media":134412,"comment_status":"closed","ping_status":"closed","sticky":false,"template":"","format":"standard","meta":[],"categories":[2],"tags":[],"_links":{"self":[{"href":"https:\/\/www.actualidadadiario.com\/index.php\/wp-json\/wp\/v2\/posts\/134411"}],"collection":[{"href":"https:\/\/www.actualidadadiario.com\/index.php\/wp-json\/wp\/v2\/posts"}],"about":[{"href":"https:\/\/www.actualidadadiario.com\/index.php\/wp-json\/wp\/v2\/types\/post"}],"author":[{"embeddable":true,"href":"https:\/\/www.actualidadadiario.com\/index.php\/wp-json\/wp\/v2\/users\/3"}],"replies":[{"embeddable":true,"href":"https:\/\/www.actualidadadiario.com\/index.php\/wp-json\/wp\/v2\/comments?post=134411"}],"version-history":[{"count":1,"href":"https:\/\/www.actualidadadiario.com\/index.php\/wp-json\/wp\/v2\/posts\/134411\/revisions"}],"predecessor-version":[{"id":134413,"href":"https:\/\/www.actualidadadiario.com\/index.php\/wp-json\/wp\/v2\/posts\/134411\/revisions\/134413"}],"wp:featuredmedia":[{"embeddable":true,"href":"https:\/\/www.actualidadadiario.com\/index.php\/wp-json\/wp\/v2\/media\/134412"}],"wp:attachment":[{"href":"https:\/\/www.actualidadadiario.com\/index.php\/wp-json\/wp\/v2\/media?parent=134411"}],"wp:term":[{"taxonomy":"category","embeddable":true,"href":"https:\/\/www.actualidadadiario.com\/index.php\/wp-json\/wp\/v2\/categories?post=134411"},{"taxonomy":"post_tag","embeddable":true,"href":"https:\/\/www.actualidadadiario.com\/index.php\/wp-json\/wp\/v2\/tags?post=134411"}],"curies":[{"name":"wp","href":"https:\/\/api.w.org\/{rel}","templated":true}]}}