{"id":134404,"date":"2025-12-05T10:10:23","date_gmt":"2025-12-05T13:10:23","guid":{"rendered":"https:\/\/www.actualidadadiario.com\/?p=134404"},"modified":"2025-12-05T10:10:23","modified_gmt":"2025-12-05T13:10:23","slug":"6-de-cada-10-argentinos-no-podran-vacacionar-en-el-verano-2026-por-falta-de-ingresos","status":"publish","type":"post","link":"https:\/\/www.actualidadadiario.com\/index.php\/2025\/12\/05\/6-de-cada-10-argentinos-no-podran-vacacionar-en-el-verano-2026-por-falta-de-ingresos\/","title":{"rendered":"6 de cada 10 argentinos no podr\u00e1n vacacionar en el verano 2026 por falta de ingresos"},"content":{"rendered":"<p style=\"text-align: center;\"><em><strong>Un estudio de la UAI revel\u00f3 que m\u00e1s de la mitad de la poblaci\u00f3n no proyecta tomarse vacaciones por motivos econ\u00f3micos. La tendencia, que comenz\u00f3 a crecer en 2018 durante la gesti\u00f3n de Mauricio Macri, vuelve a profundizarse ante la crisis que golpea al pa\u00eds<\/strong><\/em><\/p>\n<p>&nbsp;<\/p>\n<p>&nbsp;<\/p>\n<p>Datos preocupantes provenientes de un relevamiento de la Universidad Abierta Interamericana (UAI) advierten que el 57% de los argentinos no prev\u00e9 tomarse vacaciones en 2026 por falta de ingresos, una tendencia que, seg\u00fan la propia instituci\u00f3n, se repite desde 2018 y refleja el deterioro sostenido del poder adquisitivo.<\/p>\n<p>El informe fue elaborado por el Programa de Estudios de Opini\u00f3n P\u00fablica de la Facultad de Turismo y Hospitalidad, que registr\u00f3 un incremento de cinco puntos frente al a\u00f1o pasado y marc\u00f3 un contraste con el optimismo que exhibi\u00f3 el Gobierno tras el reciente fin de semana largo.<\/p>\n<p>En declaraciones radiales, el jefe de Prensa de la UAI, Daniel V\u00e1zquez, explic\u00f3 que el fen\u00f3meno se mantiene desde hace tiempo y que gran parte de los encuestados atribuye la imposibilidad de viajar a la situaci\u00f3n econ\u00f3mica familiar. \u201cDesde el 2018 nos encontramos que el 60% promedio siempre que no se va de vacaciones es por problemas econ\u00f3micos\u201d, alert\u00f3.<\/p>\n<p>El estudio tambi\u00e9n detect\u00f3 que un grupo creciente no vacaciona por cuestiones laborales, como cambios de empleo o restricciones internas, lo que termin\u00f3 elevando un siete por ciento el universo de personas que no podr\u00e1 tomarse descanso durante el verano 2026.<\/p>\n<p>Entre quienes s\u00ed lograron planear un receso, la mayor\u00eda recurrir\u00e1 a distintas formas de financiamiento: el 40,2% viajar\u00e1 gracias a ahorros, un 20,9% lo har\u00e1 con ingresos del mes y otro 20,2% combinar\u00e1 diversas fuentes, mientras que el uso de tarjeta de cr\u00e9dito sigue en aumento. Los pr\u00e9stamos, que ven\u00edan creciendo en a\u00f1os anteriores, mostraron esta vez un retroceso y representan un 8%, la misma proporci\u00f3n que financiar\u00e1 el viaje \u00edntegramente con tarjeta. Apenas un 2,5% podr\u00e1 costearlo con el aguinaldo, seg\u00fan el relevamiento.<\/p>\n<p>Sobre los destinos elegidos, el 67,3% de quienes viajar\u00e1n lo har\u00e1 dentro del pa\u00eds y el 32,7% saldr\u00e1 al exterior, mientras que enero vuelve a posicionarse como el mes m\u00e1s elegido, seguido por febrero, diciembre y marzo, marcando un mapa tur\u00edstico atravesado por la crisis.<\/p>\n","protected":false},"excerpt":{"rendered":"<p>Un estudio de la UAI revel\u00f3 que m\u00e1s de la mitad de la poblaci\u00f3n no proyecta tomarse vacaciones por motivos econ\u00f3micos. La tendencia, que comenz\u00f3 a crecer en 2018 durante la gesti\u00f3n de Mauricio Macri, vuelve a profundizarse ante la crisis que golpea al pa\u00eds &nbsp; &nbsp; Datos preocupantes provenientes de un relevamiento de la Universidad Abierta Interamericana (UAI) advierten que el 57% de los argentinos no prev\u00e9 tomarse vacaciones en 2026 por falta de ingresos, una tendencia que, seg\u00fan la propia instituci\u00f3n, se repite desde 2018 y refleja el&#8230;<\/p>\n","protected":false},"author":3,"featured_media":134405,"comment_status":"closed","ping_status":"closed","sticky":false,"template":"","format":"standard","meta":[],"categories":[2],"tags":[],"_links":{"self":[{"href":"https:\/\/www.actualidadadiario.com\/index.php\/wp-json\/wp\/v2\/posts\/134404"}],"collection":[{"href":"https:\/\/www.actualidadadiario.com\/index.php\/wp-json\/wp\/v2\/posts"}],"about":[{"href":"https:\/\/www.actualidadadiario.com\/index.php\/wp-json\/wp\/v2\/types\/post"}],"author":[{"embeddable":true,"href":"https:\/\/www.actualidadadiario.com\/index.php\/wp-json\/wp\/v2\/users\/3"}],"replies":[{"embeddable":true,"href":"https:\/\/www.actualidadadiario.com\/index.php\/wp-json\/wp\/v2\/comments?post=134404"}],"version-history":[{"count":1,"href":"https:\/\/www.actualidadadiario.com\/index.php\/wp-json\/wp\/v2\/posts\/134404\/revisions"}],"predecessor-version":[{"id":134406,"href":"https:\/\/www.actualidadadiario.com\/index.php\/wp-json\/wp\/v2\/posts\/134404\/revisions\/134406"}],"wp:featuredmedia":[{"embeddable":true,"href":"https:\/\/www.actualidadadiario.com\/index.php\/wp-json\/wp\/v2\/media\/134405"}],"wp:attachment":[{"href":"https:\/\/www.actualidadadiario.com\/index.php\/wp-json\/wp\/v2\/media?parent=134404"}],"wp:term":[{"taxonomy":"category","embeddable":true,"href":"https:\/\/www.actualidadadiario.com\/index.php\/wp-json\/wp\/v2\/categories?post=134404"},{"taxonomy":"post_tag","embeddable":true,"href":"https:\/\/www.actualidadadiario.com\/index.php\/wp-json\/wp\/v2\/tags?post=134404"}],"curies":[{"name":"wp","href":"https:\/\/api.w.org\/{rel}","templated":true}]}}