{"id":134396,"date":"2025-12-05T09:19:42","date_gmt":"2025-12-05T12:19:42","guid":{"rendered":"https:\/\/www.actualidadadiario.com\/?p=134396"},"modified":"2025-12-05T09:28:55","modified_gmt":"2025-12-05T12:28:55","slug":"se-realizo-en-concordia-la-43-jornada-citricola-nacional","status":"publish","type":"post","link":"https:\/\/www.actualidadadiario.com\/index.php\/2025\/12\/05\/se-realizo-en-concordia-la-43-jornada-citricola-nacional\/","title":{"rendered":"Se realiz\u00f3 en Concordia la 43\u00b0 Jornada Citr\u00edcola Nacional"},"content":{"rendered":"<p style=\"text-align: center;\"><em><strong>Productores, t\u00e9cnicos, instituciones y empresas de la cadena del citrus pusieron sobre la mesa los temas de actividad de una de las econom\u00edas regionales m\u00e1s importantes de Entre R\u00edos y la regi\u00f3n<\/strong><\/em><\/p>\n<p>&nbsp;<\/p>\n<p>&nbsp;<\/p>\n<p>La 43\u00b0 Jornada Citr\u00edcola Nacional, organizada por INTA Concordia, la Asociaci\u00f3n de Ingenieros Agr\u00f3nomos del Nordeste de Entre R\u00edos (AIANER) y la Federaci\u00f3n del Citrus de Entre R\u00edos (FECIER), se desarroll\u00f3 en Concordia en el marco de la Fiesta Nacional de la Citricultura.<\/p>\n<p>Este encuentro reuni\u00f3 a productores, t\u00e9cnicos, instituciones y empresas vinculadas a la cadena citr\u00edcola, con el objetivo de fortalecer v\u00ednculos y generar propuestas que impulsen la econom\u00eda regional.<\/p>\n<p>En la apertura participaron el intendente de Concordia, Francisco Azcu\u00e9, el presidente de AIANER, Esteban P\u00e9rez, la presidenta de FECIER, Melania Zorzi, y el director del INTA Concordia, Javier Oberschelp.<\/p>\n<p>Oberschelp destac\u00f3 que se trata de una jornada emblem\u00e1tica, pensada para \u201cllevarse algo: una tarea, un contacto, una idea\u201d, y subray\u00f3 la importancia de estos espacios para construir propuestas que enriquezcan la citricultura, una econom\u00eda regional clave. \u201cTantos a\u00f1os organizando este tipo de eventos muestran la relevancia de las instituciones y de las pol\u00edticas que acompa\u00f1an al sector\u201d, se\u00f1al\u00f3.<\/p>\n<p>Por su parte, el intendente Azcu\u00e9 salud\u00f3 especialmente a los productores y actores de la cadena productiva, \u201cmotor del desarrollo y crecimiento de la regi\u00f3n, la provincia y el pa\u00eds\u201d, y remarc\u00f3 la necesidad de fortalecer los v\u00ednculos institucionales entre el sector p\u00fablico y privado, mencionando el convenio suscripto con INTA y las acciones conjuntas que se llevan adelante.<\/p>\n<p>&nbsp;<\/p>\n<p><strong>Exposiciones<\/strong><\/p>\n<p>La jornada incluy\u00f3 exposiciones sobre la situaci\u00f3n actual y perspectivas del sector, la importancia de la certificaci\u00f3n fitosanitaria en el comercio internacional, y actualizaciones en la fiscalizaci\u00f3n de c\u00edtricos en Argentina. Tambi\u00e9n se abordaron temas t\u00e9cnicos como la degradaci\u00f3n de estrobirulinas utilizadas para el control de mancha negra en fruta de exportaci\u00f3n, el comportamiento de nuevas combinaciones pie-copa, el efecto del portainjerto en la calidad de fruta y su poscosecha, el dise\u00f1o de estrategias sustentables para el manejo de pudriciones f\u00fangicas en lim\u00f3n y el uso de bioinsumos para el control de Penicillium digitatum.<\/p>\n<p>Por la tarde, se desarrollaron charlas t\u00e9cnicas comerciales sobre nuevas tecnolog\u00edas en fertilizaci\u00f3n (nanofertilizantes), manejo eficiente del sistema radicular, estrategias para el control de Mancha Negra y herramientas para el control de Penicillium y Geotrichum. Adem\u00e1s, se present\u00f3 el Programa Campo Limpio en Entre R\u00edos.<\/p>\n<p>El cierre estuvo marcado por la mesa de intercambio sobre fruticultura digital, donde se expuso c\u00f3mo la tecnolog\u00eda est\u00e1 transformando la producci\u00f3n frut\u00edcola argentina, con innovaciones en diagn\u00f3stico y predicci\u00f3n de enfermedades, integraci\u00f3n de im\u00e1genes multiespectrales y biolog\u00eda molecular para la detecci\u00f3n temprana de HLB, y soluciones tecnol\u00f3gicas para la gesti\u00f3n productiva.<\/p>\n","protected":false},"excerpt":{"rendered":"<p>Productores, t\u00e9cnicos, instituciones y empresas de la cadena del citrus pusieron sobre la mesa los temas de actividad de una de las econom\u00edas regionales m\u00e1s importantes de Entre R\u00edos y la regi\u00f3n &nbsp; &nbsp; La 43\u00b0 Jornada Citr\u00edcola Nacional, organizada por INTA Concordia, la Asociaci\u00f3n de Ingenieros Agr\u00f3nomos del Nordeste de Entre R\u00edos (AIANER) y la Federaci\u00f3n del Citrus de Entre R\u00edos (FECIER), se desarroll\u00f3 en Concordia en el marco de la Fiesta Nacional de la Citricultura. Este encuentro reuni\u00f3 a productores, t\u00e9cnicos, instituciones y empresas vinculadas a la cadena&#8230;<\/p>\n","protected":false},"author":3,"featured_media":134397,"comment_status":"closed","ping_status":"closed","sticky":false,"template":"","format":"standard","meta":[],"categories":[15],"tags":[],"_links":{"self":[{"href":"https:\/\/www.actualidadadiario.com\/index.php\/wp-json\/wp\/v2\/posts\/134396"}],"collection":[{"href":"https:\/\/www.actualidadadiario.com\/index.php\/wp-json\/wp\/v2\/posts"}],"about":[{"href":"https:\/\/www.actualidadadiario.com\/index.php\/wp-json\/wp\/v2\/types\/post"}],"author":[{"embeddable":true,"href":"https:\/\/www.actualidadadiario.com\/index.php\/wp-json\/wp\/v2\/users\/3"}],"replies":[{"embeddable":true,"href":"https:\/\/www.actualidadadiario.com\/index.php\/wp-json\/wp\/v2\/comments?post=134396"}],"version-history":[{"count":1,"href":"https:\/\/www.actualidadadiario.com\/index.php\/wp-json\/wp\/v2\/posts\/134396\/revisions"}],"predecessor-version":[{"id":134398,"href":"https:\/\/www.actualidadadiario.com\/index.php\/wp-json\/wp\/v2\/posts\/134396\/revisions\/134398"}],"wp:featuredmedia":[{"embeddable":true,"href":"https:\/\/www.actualidadadiario.com\/index.php\/wp-json\/wp\/v2\/media\/134397"}],"wp:attachment":[{"href":"https:\/\/www.actualidadadiario.com\/index.php\/wp-json\/wp\/v2\/media?parent=134396"}],"wp:term":[{"taxonomy":"category","embeddable":true,"href":"https:\/\/www.actualidadadiario.com\/index.php\/wp-json\/wp\/v2\/categories?post=134396"},{"taxonomy":"post_tag","embeddable":true,"href":"https:\/\/www.actualidadadiario.com\/index.php\/wp-json\/wp\/v2\/tags?post=134396"}],"curies":[{"name":"wp","href":"https:\/\/api.w.org\/{rel}","templated":true}]}}