{"id":134392,"date":"2025-12-05T09:22:33","date_gmt":"2025-12-05T12:22:33","guid":{"rendered":"https:\/\/www.actualidadadiario.com\/?p=134392"},"modified":"2025-12-05T09:22:33","modified_gmt":"2025-12-05T12:22:33","slug":"judiciales-realizan-hoy-el-primero-de-los-tres-paros-de-24-horas-previstos","status":"publish","type":"post","link":"https:\/\/www.actualidadadiario.com\/index.php\/2025\/12\/05\/judiciales-realizan-hoy-el-primero-de-los-tres-paros-de-24-horas-previstos\/","title":{"rendered":"Judiciales realizan hoy el primero de los tres paros de 24 horas previstos"},"content":{"rendered":"<p style=\"text-align: center;\"><em><strong>Este viernes la Asociaci\u00f3n Judiciales de Entre R\u00edos (AJER) desarrolla el primero de los tres paros de 24 horas que fijaron para el mes de diciembre. Reclaman una recomposici\u00f3n salarial urgente. Los pr\u00f3ximos paros se realizar\u00e1n los viernes 12 y 19 de diciembre<\/strong><\/em><\/p>\n<p>&nbsp;<\/p>\n<p>&nbsp;<\/p>\n<p>La decisi\u00f3n fue tomada por el Plenario Provincial de Delegados, con la participaci\u00f3n de 13 filiales, ante la falta de respuestas del gobierno.<\/p>\n<p>&nbsp;<\/p>\n<p><strong>Entre los reclamos se destacan:<\/strong><\/p>\n<p>-Pago en tiempo y forma de aumentos y retroactivos.<\/p>\n<p>-Cancelaci\u00f3n de la deuda de la Caja de Jubilaciones con los jubilados judiciales.<\/p>\n<p>-Pago del t\u00edtulo para trabajadores\/as judiciales.<\/p>\n<p>-Pago del adicional por funci\u00f3n para notificadores y evisceradores.<\/p>\n<p>\u201cLos salarios del sector vienen deterior\u00e1ndose desde la ley de emergencia provincial de 2020, que congel\u00f3 y limit\u00f3 las actualizaciones, y luego por aumentos que quedaron por debajo de la inflaci\u00f3n\u201d, denunci\u00f3 la Asociaci\u00f3n Judiciales de Entre R\u00edos (AJER). Apunt\u00f3 que \u201cesta situaci\u00f3n llev\u00f3 a continuar el plan de lucha iniciado el 28\/11, que tuvo un alt\u00edsimo acatamiento en toda la provincia\u201d.<\/p>\n","protected":false},"excerpt":{"rendered":"<p>Este viernes la Asociaci\u00f3n Judiciales de Entre R\u00edos (AJER) desarrolla el primero de los tres paros de 24 horas que fijaron para el mes de diciembre. Reclaman una recomposici\u00f3n salarial urgente. Los pr\u00f3ximos paros se realizar\u00e1n los viernes 12 y 19 de diciembre &nbsp; &nbsp; La decisi\u00f3n fue tomada por el Plenario Provincial de Delegados, con la participaci\u00f3n de 13 filiales, ante la falta de respuestas del gobierno. &nbsp; Entre los reclamos se destacan: -Pago en tiempo y forma de aumentos y retroactivos. -Cancelaci\u00f3n de la deuda de la Caja&#8230;<\/p>\n","protected":false},"author":3,"featured_media":134393,"comment_status":"closed","ping_status":"closed","sticky":false,"template":"","format":"standard","meta":[],"categories":[15],"tags":[],"_links":{"self":[{"href":"https:\/\/www.actualidadadiario.com\/index.php\/wp-json\/wp\/v2\/posts\/134392"}],"collection":[{"href":"https:\/\/www.actualidadadiario.com\/index.php\/wp-json\/wp\/v2\/posts"}],"about":[{"href":"https:\/\/www.actualidadadiario.com\/index.php\/wp-json\/wp\/v2\/types\/post"}],"author":[{"embeddable":true,"href":"https:\/\/www.actualidadadiario.com\/index.php\/wp-json\/wp\/v2\/users\/3"}],"replies":[{"embeddable":true,"href":"https:\/\/www.actualidadadiario.com\/index.php\/wp-json\/wp\/v2\/comments?post=134392"}],"version-history":[{"count":1,"href":"https:\/\/www.actualidadadiario.com\/index.php\/wp-json\/wp\/v2\/posts\/134392\/revisions"}],"predecessor-version":[{"id":134394,"href":"https:\/\/www.actualidadadiario.com\/index.php\/wp-json\/wp\/v2\/posts\/134392\/revisions\/134394"}],"wp:featuredmedia":[{"embeddable":true,"href":"https:\/\/www.actualidadadiario.com\/index.php\/wp-json\/wp\/v2\/media\/134393"}],"wp:attachment":[{"href":"https:\/\/www.actualidadadiario.com\/index.php\/wp-json\/wp\/v2\/media?parent=134392"}],"wp:term":[{"taxonomy":"category","embeddable":true,"href":"https:\/\/www.actualidadadiario.com\/index.php\/wp-json\/wp\/v2\/categories?post=134392"},{"taxonomy":"post_tag","embeddable":true,"href":"https:\/\/www.actualidadadiario.com\/index.php\/wp-json\/wp\/v2\/tags?post=134392"}],"curies":[{"name":"wp","href":"https:\/\/api.w.org\/{rel}","templated":true}]}}