{"id":134378,"date":"2025-12-04T10:36:51","date_gmt":"2025-12-04T13:36:51","guid":{"rendered":"https:\/\/www.actualidadadiario.com\/?p=134378"},"modified":"2025-12-04T10:36:51","modified_gmt":"2025-12-04T13:36:51","slug":"radiografia-de-los-bloques-en-diputados-como-quedaron-y-quienes-son-sus-referentes","status":"publish","type":"post","link":"https:\/\/www.actualidadadiario.com\/index.php\/2025\/12\/04\/radiografia-de-los-bloques-en-diputados-como-quedaron-y-quienes-son-sus-referentes\/","title":{"rendered":"Radiograf\u00eda de los bloques en Diputados: c\u00f3mo quedaron y qui\u00e9nes son sus referentes"},"content":{"rendered":"<p style=\"text-align: center;\"><em><strong>La sesi\u00f3n preparatoria termin\u00f3 de oficializar los movimientos y ensambles que provocaron, durante la misma jornada, un empate en la tercera fuerza<\/strong><\/em><\/p>\n<p>&nbsp;<\/p>\n<p>&nbsp;<\/p>\n<p>La jornada de jura de 127 diputados modific\u00f3 la composici\u00f3n de la C\u00e1mara baja del Congreso, que asumir\u00e1n oficialmente el 10 de diciembre y se estrenar\u00e1n en el per\u00edodo de extraordinarias. Sin embargo, la sesi\u00f3n preparatoria defini\u00f3 -en su mismo transcurso- interbloques que alteraron la elecci\u00f3n de autoridades, en simult\u00e1neo a que perfil\u00f3 roles importantes dentro del recinto. Lo que s\u00ed se consolid\u00f3 fue la primera fuerza: en un raid de adhesiones en las \u00faltimas dos semanas, La Libertad Avanza pas\u00f3 a Fuerza Patria por dos legisladores. La \u00faltima novedad libertaria es que permanecer\u00e1 en el bloque Lorena Villaverde, que renunci\u00f3 a su banca en el Senado.<\/p>\n<p>El flamante bloque de Provincias Unidas (PU) fue el que m\u00e1s novedades present\u00f3: incorpor\u00f3 a la mendocina Lourdes Arrieta (exlibertaria, dej\u00f3 la bancada de Coherencia), oficializ\u00f3 la adhesi\u00f3n de los tres diputados de Democracia para Siempre que conservaban sus bancas (Coletta, Juliano y Rizzotti) y a\u00f1adi\u00f3 dos miembros del PRO (Capozzi y N\u00fa\u00f1ez). Confirmada la presidencia de la exvicegobernadora de Santa Fe, Gisela Scaglia, perdi\u00f3 a Miguel Pichetto, Nicol\u00e1s Massot (ambos permanecen en Encuentro Federal) y Di\u00f3genes Gonz\u00e1lez, que responde al exgobernador correntino Gustavo Vald\u00e9s y se incorpor\u00f3 a la UCR. \u00bfUn anticipo de que no quiere disputar a escala nacional? Este espacio ser\u00e1 presidido por Pamela Verasay y se corresponder\u00e1 con la elecci\u00f3n que vivir\u00e1 el partido centenario este mismo mes.<\/p>\n<p>Provincias Unidas, que cuenta con 18 miembros y referencias como Juan Schiaretti y Mart\u00edn Lousteau, se propone como una tercera v\u00eda de gobernabilidad federal en donde conviven el cordobesismo, el radicalismo de Evoluci\u00f3n y el socialismo santafesino. Adem\u00e1s, sumaron dos espacios como interbloques para aumentar su influencia a la hora de disputar comisiones: el propio Encuentro Federal y la Coalici\u00f3n C\u00edvica. Sin embargo, un movimiento de \u00faltimo momento alter\u00f3 su proyecci\u00f3n y los igual\u00f3 en 22 legisladores como tercera fuerza en la C\u00e1mara de Diputados.<\/p>\n<p>El PRO (que perdi\u00f3 la mitad de su espacio y se qued\u00f3 con 12 diputados) revivi\u00f3 parcialmente la experiencia de Juntos por el Cambio: constituy\u00f3 un interbloque con la UCR (6), MID (2), Por Santa Cruz (Jos\u00e9 Luis Garrido, del que hab\u00eda trascendido una posible incorporaci\u00f3n a PU) y Adelante Buenos Aires (Karina Banfi, que arm\u00f3 un unibloque al romper con la UCR, pero se aline\u00f3 igualmente en este gran armado).<\/p>\n<p>Con ese rompecabezas legislativo, Cristian Ritondo logr\u00f3 prorrogar la definici\u00f3n de la tercera vicepresidencia de la C\u00e1mara para la pr\u00f3xima sesi\u00f3n, que ocurrir\u00e1 en extraordinarias. \u00bfInicia la pelea por un nuevo interbloque? La evidencia de lo espont\u00e1neo de este armado fue que no ten\u00edan definido siquiera qui\u00e9n era el candidato para ese cargo, a diferencia de PU que propuso a Ignacio Garc\u00eda Aresca.<\/p>\n<p>Otro traspi\u00e9 es la de apuesta de Innovaci\u00f3n Federal, que perdi\u00f3 la posibilidad de alinearse con el MID y con Por Santa Cruz, se le escap\u00f3 Lourdes Arrieta de su potencial aliado Coherencia y fue superado como tercera minor\u00eda por el nuevo conglomerado encabezado por el PRO. Est\u00e1 compuesto por salte\u00f1os y misioneros (&#8220;por ahora&#8230; todo est\u00e1 abierto&#8221;, dijeron desde el bloque) y ser\u00e1 presidido por Alberto Arr\u00faa.<\/p>\n<p>&nbsp;<\/p>\n<p><strong>Renovaci\u00f3n en Diputados: aparecen los primeros referentes<\/strong><\/p>\n<p>Otro elemento que se expuso en la sesi\u00f3n preparatoria son las lealtades fragmentadas y jerarquizadas que conviven dentro de cada bloque. En La Libertad Avanza se present\u00f3 sin disimulos un &#8220;Ol\u00e9, ol\u00e9, ol\u00e9, Seba, Seba&#8221; cuando jur\u00f3 Sebasti\u00e1n Pareja, presidente del partido en territorio bonaerense y con representantes parlamentarios en el Congreso nacional y en la Legislatura provincial.<\/p>\n<p>En Fuerza Patria, cada adherente a La C\u00e1mpora se expres\u00f3 contra la detenci\u00f3n de Cristina Kirchner, mientras que su compa\u00f1era de bancada Marita Vel\u00e1zquez -referente de Principios y Valores- rechaz\u00f3 la condena de Guillermo Moreno. Ni siquiera Juan Grabois vivi\u00f3 con esa intensidad la jura. Germ\u00e1n Mart\u00ednez, que calific\u00f3 como &#8220;trabajo militante&#8221; el sostenimiento de la unidad, volver\u00e1 a liderar el bloque justicialista junto a Cecilia Moreau, elegida como vicepresidenta primera. &#8220;Elijo Catamarca&#8221;, el reciente espacio que se desprendi\u00f3 del peronismo ya se diferenci\u00f3 en la votaci\u00f3n de Mart\u00edn Menem como presidente de la C\u00e1mara.<\/p>\n<p>Una protagonista de la jornada fue Lilia Lemoine, que permaneci\u00f3 en primera fila chicaneando a todos los oficialistas que se acercaban a jurar. Su compa\u00f1ero y exministro, Luis Petri, mostr\u00f3 parte de sus ocho a\u00f1os de experiencia en Diputados: ser\u00e1 el vicepresidente segundo y anticip\u00f3 que volver\u00e1 a intervenir sin concesiones contra Fuerza Patria, a quienes recomend\u00f3 &#8220;ir al psic\u00f3logo&#8221;. La respuesta lleg\u00f3 desde Agust\u00edn Rossi, quien junto a Jorge Taiana tambi\u00e9n encabezaron el Ministerio de Defensa. Entre los tres, pueden sostener un \u00e1vido debate en la Comisi\u00f3n de Defensa con una gesti\u00f3n a cuestas.<\/p>\n<p>&nbsp;<\/p>\n<p><strong>C\u00f3mo est\u00e1 compuesta la C\u00e1mara de Diputados<\/strong><\/p>\n<p>Tras el recambio legislativo, los bloques de la C\u00e1mara de Diputados y su composici\u00f3n son:<\/p>\n<ul>\n<li>La Libertad Avanza: 95 diputados.<\/li>\n<li>Uni\u00f3n por la Patria: 93 diputados.<\/li>\n<li>Provincias Unidas: 18 diputados.<\/li>\n<li>PRO: 12 diputados.<\/li>\n<li>Innovaci\u00f3n Federal: 7 diputados.<\/li>\n<li>UCR: 6 diputados.<\/li>\n<li>Frente de Izquierda: 4 diputados.<\/li>\n<li>Coherencia: 3 diputados.<\/li>\n<li>Independencia: 3 diputados.<\/li>\n<li>Elijo Catamarca: 3 diputados.<\/li>\n<li>Encuentro Federal: 2 diputados.<\/li>\n<li>Coalici\u00f3n C\u00edvica: 2 diputados.<\/li>\n<li>MID: 2 diputados.<\/li>\n<li>Producci\u00f3n y Trabajo: 2 diputados.<\/li>\n<li>La Neuquinidad: 1 diputada.<\/li>\n<li>Defendamos C\u00f3rdoba: 1 diputada.<\/li>\n<li>Adelante Buenos Aires: 1 diputada.<\/li>\n<li>PJ San Luis: 1 diputado.<\/li>\n<li>Por Santa Cruz: 1 diputado.<\/li>\n<\/ul>\n","protected":false},"excerpt":{"rendered":"<p>La sesi\u00f3n preparatoria termin\u00f3 de oficializar los movimientos y ensambles que provocaron, durante la misma jornada, un empate en la tercera fuerza &nbsp; &nbsp; La jornada de jura de 127 diputados modific\u00f3 la composici\u00f3n de la C\u00e1mara baja del Congreso, que asumir\u00e1n oficialmente el 10 de diciembre y se estrenar\u00e1n en el per\u00edodo de extraordinarias. Sin embargo, la sesi\u00f3n preparatoria defini\u00f3 -en su mismo transcurso- interbloques que alteraron la elecci\u00f3n de autoridades, en simult\u00e1neo a que perfil\u00f3 roles importantes dentro del recinto. Lo que s\u00ed se consolid\u00f3 fue la primera&#8230;<\/p>\n","protected":false},"author":3,"featured_media":134379,"comment_status":"closed","ping_status":"closed","sticky":false,"template":"","format":"standard","meta":[],"categories":[9],"tags":[],"_links":{"self":[{"href":"https:\/\/www.actualidadadiario.com\/index.php\/wp-json\/wp\/v2\/posts\/134378"}],"collection":[{"href":"https:\/\/www.actualidadadiario.com\/index.php\/wp-json\/wp\/v2\/posts"}],"about":[{"href":"https:\/\/www.actualidadadiario.com\/index.php\/wp-json\/wp\/v2\/types\/post"}],"author":[{"embeddable":true,"href":"https:\/\/www.actualidadadiario.com\/index.php\/wp-json\/wp\/v2\/users\/3"}],"replies":[{"embeddable":true,"href":"https:\/\/www.actualidadadiario.com\/index.php\/wp-json\/wp\/v2\/comments?post=134378"}],"version-history":[{"count":1,"href":"https:\/\/www.actualidadadiario.com\/index.php\/wp-json\/wp\/v2\/posts\/134378\/revisions"}],"predecessor-version":[{"id":134380,"href":"https:\/\/www.actualidadadiario.com\/index.php\/wp-json\/wp\/v2\/posts\/134378\/revisions\/134380"}],"wp:featuredmedia":[{"embeddable":true,"href":"https:\/\/www.actualidadadiario.com\/index.php\/wp-json\/wp\/v2\/media\/134379"}],"wp:attachment":[{"href":"https:\/\/www.actualidadadiario.com\/index.php\/wp-json\/wp\/v2\/media?parent=134378"}],"wp:term":[{"taxonomy":"category","embeddable":true,"href":"https:\/\/www.actualidadadiario.com\/index.php\/wp-json\/wp\/v2\/categories?post=134378"},{"taxonomy":"post_tag","embeddable":true,"href":"https:\/\/www.actualidadadiario.com\/index.php\/wp-json\/wp\/v2\/tags?post=134378"}],"curies":[{"name":"wp","href":"https:\/\/api.w.org\/{rel}","templated":true}]}}