{"id":134365,"date":"2025-12-04T09:35:48","date_gmt":"2025-12-04T12:35:48","guid":{"rendered":"https:\/\/www.actualidadadiario.com\/?p=134365"},"modified":"2025-12-04T09:35:48","modified_gmt":"2025-12-04T12:35:48","slug":"ate-se-moviliza-hoy-contra-la-postergacion-de-la-paritaria","status":"publish","type":"post","link":"https:\/\/www.actualidadadiario.com\/index.php\/2025\/12\/04\/ate-se-moviliza-hoy-contra-la-postergacion-de-la-paritaria\/","title":{"rendered":"ATE se moviliza hoy contra la postergaci\u00f3n de la paritaria"},"content":{"rendered":"<p style=\"text-align: center;\"><em><strong>El gremio marchar\u00e1 hasta la Secretar\u00eda de Trabajo, en rechazo a la falta de convocatoria a paritarias y la p\u00e9rdida de poder adquisitivo de los trabajadores estatales. El titular de ATE se\u00f1al\u00f3 que se prolonga el estancamiento salarial que lleva ya ocho meses en el a\u00f1o<\/strong><\/em><\/p>\n<p>&nbsp;<\/p>\n<p>&nbsp;<\/p>\n<p>El cuerpo de delegados de la Asociaci\u00f3n Trabajadores del Estado (ATE) en la capital provincial defini\u00f3 por unanimidad un plan de lucha, incluyendo una jornada de movilizaci\u00f3n, tras la confirmaci\u00f3n oficial de que las negociaciones salariales permanecer\u00e1n cerradas hasta febrero.<\/p>\n<p>El Secretario General de ATE, Oscar Muntes, expres\u00f3 la convocatoria a movilizaci\u00f3n para el pr\u00f3ximo 4 de diciembre en respuesta a que el ministro de Gobierno y Trabajo ratific\u00f3 la prolongaci\u00f3n del congelamiento salarial. La concentraci\u00f3n ser\u00e1 a 9:30 en la sede de la entidad.<\/p>\n<p>&#8220;Nos preocupa que el gobierno no convoque a la paritaria, sino que la posterga y la suspende. Para nosotros esa definici\u00f3n significa seguir teniendo el salario congelado&#8221;, afirm\u00f3 Muntes.<\/p>\n<p>El dirigente sindical precis\u00f3 que, con esta decisi\u00f3n, se prolonga el estancamiento salarial que lleva ya ocho meses en el a\u00f1o, a lo que se sumar\u00edan enero y febrero del pr\u00f3ximo a\u00f1o.<\/p>\n<p>La medida de fuerza busca presionar al Ejecutivo no solo por la cuesti\u00f3n salarial, sino por un conjunto de demandas laborales cruciales para el sector:<\/p>\n<p>-Reapertura de Paritarias: Para actualizar de manera urgente el salario y las condiciones de trabajo.<\/p>\n<p>-Incentivo: Implementaci\u00f3n o mejora del incentivo laboral.<\/p>\n<p>-Recategorizaciones: Que avancen realmente seg\u00fan lo acordado en la paritaria previa.<\/p>\n<p>-Renovaci\u00f3n de Contratos: Definici\u00f3n inmediata para la renovaci\u00f3n de todos los contratos temporales al 31 de diciembre.<\/p>\n","protected":false},"excerpt":{"rendered":"<p>El gremio marchar\u00e1 hasta la Secretar\u00eda de Trabajo, en rechazo a la falta de convocatoria a paritarias y la p\u00e9rdida de poder adquisitivo de los trabajadores estatales. El titular de ATE se\u00f1al\u00f3 que se prolonga el estancamiento salarial que lleva ya ocho meses en el a\u00f1o &nbsp; &nbsp; El cuerpo de delegados de la Asociaci\u00f3n Trabajadores del Estado (ATE) en la capital provincial defini\u00f3 por unanimidad un plan de lucha, incluyendo una jornada de movilizaci\u00f3n, tras la confirmaci\u00f3n oficial de que las negociaciones salariales permanecer\u00e1n cerradas hasta febrero. El Secretario&#8230;<\/p>\n","protected":false},"author":3,"featured_media":133787,"comment_status":"closed","ping_status":"closed","sticky":false,"template":"","format":"standard","meta":[],"categories":[15],"tags":[],"_links":{"self":[{"href":"https:\/\/www.actualidadadiario.com\/index.php\/wp-json\/wp\/v2\/posts\/134365"}],"collection":[{"href":"https:\/\/www.actualidadadiario.com\/index.php\/wp-json\/wp\/v2\/posts"}],"about":[{"href":"https:\/\/www.actualidadadiario.com\/index.php\/wp-json\/wp\/v2\/types\/post"}],"author":[{"embeddable":true,"href":"https:\/\/www.actualidadadiario.com\/index.php\/wp-json\/wp\/v2\/users\/3"}],"replies":[{"embeddable":true,"href":"https:\/\/www.actualidadadiario.com\/index.php\/wp-json\/wp\/v2\/comments?post=134365"}],"version-history":[{"count":1,"href":"https:\/\/www.actualidadadiario.com\/index.php\/wp-json\/wp\/v2\/posts\/134365\/revisions"}],"predecessor-version":[{"id":134366,"href":"https:\/\/www.actualidadadiario.com\/index.php\/wp-json\/wp\/v2\/posts\/134365\/revisions\/134366"}],"wp:featuredmedia":[{"embeddable":true,"href":"https:\/\/www.actualidadadiario.com\/index.php\/wp-json\/wp\/v2\/media\/133787"}],"wp:attachment":[{"href":"https:\/\/www.actualidadadiario.com\/index.php\/wp-json\/wp\/v2\/media?parent=134365"}],"wp:term":[{"taxonomy":"category","embeddable":true,"href":"https:\/\/www.actualidadadiario.com\/index.php\/wp-json\/wp\/v2\/categories?post=134365"},{"taxonomy":"post_tag","embeddable":true,"href":"https:\/\/www.actualidadadiario.com\/index.php\/wp-json\/wp\/v2\/tags?post=134365"}],"curies":[{"name":"wp","href":"https:\/\/api.w.org\/{rel}","templated":true}]}}