{"id":134363,"date":"2025-12-05T09:01:04","date_gmt":"2025-12-05T12:01:04","guid":{"rendered":"https:\/\/www.actualidadadiario.com\/?p=134363"},"modified":"2025-12-05T09:14:37","modified_gmt":"2025-12-05T12:14:37","slug":"el-20-de-diciembre-se-pagara-el-aguinaldo-en-la-administracion-publica","status":"publish","type":"post","link":"https:\/\/www.actualidadadiario.com\/index.php\/2025\/12\/05\/el-20-de-diciembre-se-pagara-el-aguinaldo-en-la-administracion-publica\/","title":{"rendered":"El 20 de diciembre se pagar\u00e1 el aguinaldo en la administraci\u00f3n p\u00fablica"},"content":{"rendered":"<p style=\"text-align: center;\"><em><strong>El Sueldo Anual Complementario (SAC) para activos y pasivos de la administraci\u00f3n p\u00fablica se abonar\u00e1 el pr\u00f3ximo 20 de diciembre, seg\u00fan lo inform\u00f3 el gobierno provincial<\/strong><\/em><\/p>\n<p>&nbsp;<\/p>\n<p>&nbsp;<\/p>\n<p>De acuerdo a lo comunicado, el Sueldo Anual Complementario se acreditar\u00e1 el s\u00e1bado 20, de modo que todos los activos y pasivos de la administraci\u00f3n p\u00fablica contar\u00e1n con \u00e9l antes de las fiestas navide\u00f1as y de fin de a\u00f1o.<\/p>\n","protected":false},"excerpt":{"rendered":"<p>El Sueldo Anual Complementario (SAC) para activos y pasivos de la administraci\u00f3n p\u00fablica se abonar\u00e1 el pr\u00f3ximo 20 de diciembre, seg\u00fan lo inform\u00f3 el gobierno provincial &nbsp; &nbsp; De acuerdo a lo comunicado, el Sueldo Anual Complementario se acreditar\u00e1 el s\u00e1bado 20, de modo que todos los activos y pasivos de la administraci\u00f3n p\u00fablica contar\u00e1n con \u00e9l antes de las fiestas navide\u00f1as y de fin de a\u00f1o.<\/p>\n","protected":false},"author":3,"featured_media":123066,"comment_status":"closed","ping_status":"closed","sticky":false,"template":"","format":"standard","meta":[],"categories":[15],"tags":[],"_links":{"self":[{"href":"https:\/\/www.actualidadadiario.com\/index.php\/wp-json\/wp\/v2\/posts\/134363"}],"collection":[{"href":"https:\/\/www.actualidadadiario.com\/index.php\/wp-json\/wp\/v2\/posts"}],"about":[{"href":"https:\/\/www.actualidadadiario.com\/index.php\/wp-json\/wp\/v2\/types\/post"}],"author":[{"embeddable":true,"href":"https:\/\/www.actualidadadiario.com\/index.php\/wp-json\/wp\/v2\/users\/3"}],"replies":[{"embeddable":true,"href":"https:\/\/www.actualidadadiario.com\/index.php\/wp-json\/wp\/v2\/comments?post=134363"}],"version-history":[{"count":1,"href":"https:\/\/www.actualidadadiario.com\/index.php\/wp-json\/wp\/v2\/posts\/134363\/revisions"}],"predecessor-version":[{"id":134364,"href":"https:\/\/www.actualidadadiario.com\/index.php\/wp-json\/wp\/v2\/posts\/134363\/revisions\/134364"}],"wp:featuredmedia":[{"embeddable":true,"href":"https:\/\/www.actualidadadiario.com\/index.php\/wp-json\/wp\/v2\/media\/123066"}],"wp:attachment":[{"href":"https:\/\/www.actualidadadiario.com\/index.php\/wp-json\/wp\/v2\/media?parent=134363"}],"wp:term":[{"taxonomy":"category","embeddable":true,"href":"https:\/\/www.actualidadadiario.com\/index.php\/wp-json\/wp\/v2\/categories?post=134363"},{"taxonomy":"post_tag","embeddable":true,"href":"https:\/\/www.actualidadadiario.com\/index.php\/wp-json\/wp\/v2\/tags?post=134363"}],"curies":[{"name":"wp","href":"https:\/\/api.w.org\/{rel}","templated":true}]}}