{"id":134358,"date":"2025-12-04T09:33:50","date_gmt":"2025-12-04T12:33:50","guid":{"rendered":"https:\/\/www.actualidadadiario.com\/?p=134358"},"modified":"2025-12-04T09:33:50","modified_gmt":"2025-12-04T12:33:50","slug":"juraron-los-cinco-diputados-nacionales-electos-por-entre-rios","status":"publish","type":"post","link":"https:\/\/www.actualidadadiario.com\/index.php\/2025\/12\/04\/juraron-los-cinco-diputados-nacionales-electos-por-entre-rios\/","title":{"rendered":"Juraron los cinco diputados nacionales electos por Entre R\u00edos"},"content":{"rendered":"<p style=\"text-align: center;\"><em><strong>Los cinco diputados nacionales electos juraron este mi\u00e9rcoles poco despu\u00e9s de las 14 y asumir\u00e1n el 10 de diciembre. Tres fueron electos por la Alianza La Libertad Avanza (Andr\u00e9s Laumann, Alicia Fregonese y Dar\u00edo Schneider) y dos por el peronismo (Guillermo Michel y Marianela Marclay). Milei presenci\u00f3 la sesi\u00f3n preparatoria<\/strong><\/em><\/p>\n<p>&nbsp;<\/p>\n<p>&nbsp;<\/p>\n<p>Pasadas las 13, con la presencia de Javier Milei, la Secretaria General y hermana del presidente Karina Milei y buena parte del gabinete, se tom\u00f3 juramento a los 127 diputados que se incorporan a la C\u00e1mara baja.<\/p>\n<p>La ceremonia fue presidida por el diputado Gerardo Cipollini (UCR-Chaco). Como es de pr\u00e1ctica, hasta la elecci\u00f3n o ratificaci\u00f3n de la m\u00e1xima autoridad de la C\u00e1mara, ese lugar es ocupado por el legislador de mayor edad. El chaque\u00f1o tiene 82 a\u00f1os.<\/p>\n<p>Por Entre R\u00edos juraron cinco diputados: tres fueron electos por la Alianza La Libertad Avanza (Andr\u00e9s Laumann-La Libertad Avanza-, Alicia Fregonese-PRO-, y Dar\u00edo Schneider-UCR-). Y dos por Fuerza Entre R\u00edos-PJ (Guillermo Michel y Marianela Marclay).<\/p>\n<p>Fregonese jur\u00f3 por Dios, la patria y estos santos evangelios; Laumann, Marclay y Schneider juraron por Dios y la patria; y Michel jur\u00f3 por la patria.<\/p>\n<p>Los cinco flamantes diputados nacionales electos por Entre R\u00edos reemplazar\u00e1n a Atilio Benedetti, Marcela \u00c1ntola, Nancy Ballejos, Carolina Gaillard y Tom\u00e1s Ledesma.<\/p>\n<p>&nbsp;<\/p>\n<p><strong>Los nuevos<\/strong><\/p>\n<p>Andr\u00e9s Laumann es de Paran\u00e1 y compiti\u00f3 como candidato a intendente de la ciudad por LLA en 2023. Es uno de los conductores de la fuerza en la provincia, coordin\u00f3 la campa\u00f1a electoral previa a este domingo y tiene l\u00ednea directa con los hermanos Milei.<\/p>\n<p>Alicia Fregonese es desde diciembre de 2023 presidenta del Consejo General de Educaci\u00f3n (CGE) y fue diputada nacional por el PRO entre 2017 y 2021.<\/p>\n<p>Dar\u00edo Schneider es el Ministro de Infraestructura y Servicios de la provincia en la gesti\u00f3n Frigerio. Fue intendente de la ciudad de Crespo en dos per\u00edodos (del 2015 al 2023) y es un referente del radicalismo en la provincia.<\/p>\n<p>Guillermo Michel es abogado de Gualeguaych\u00fa. Fue funcionario de larga trayectoria dentro de la AFIP, donde lleg\u00f3 a ser director general de la Aduana Nacional durante el per\u00edodo de Sergio Massa al frente del Ministerio de Econom\u00eda.<\/p>\n<p>Marianela Marclay fue concejal y es la actual secretaria de Desarrollo Social y Educaci\u00f3n de la Municipalidad de Concepci\u00f3n del Uruguay, en la intendencia de Jos\u00e9 Eduardo Lauritto.<\/p>\n","protected":false},"excerpt":{"rendered":"<p>Los cinco diputados nacionales electos juraron este mi\u00e9rcoles poco despu\u00e9s de las 14 y asumir\u00e1n el 10 de diciembre. Tres fueron electos por la Alianza La Libertad Avanza (Andr\u00e9s Laumann, Alicia Fregonese y Dar\u00edo Schneider) y dos por el peronismo (Guillermo Michel y Marianela Marclay). Milei presenci\u00f3 la sesi\u00f3n preparatoria &nbsp; &nbsp; Pasadas las 13, con la presencia de Javier Milei, la Secretaria General y hermana del presidente Karina Milei y buena parte del gabinete, se tom\u00f3 juramento a los 127 diputados que se incorporan a la C\u00e1mara baja. La&#8230;<\/p>\n","protected":false},"author":3,"featured_media":134359,"comment_status":"closed","ping_status":"closed","sticky":false,"template":"","format":"standard","meta":[],"categories":[15],"tags":[],"_links":{"self":[{"href":"https:\/\/www.actualidadadiario.com\/index.php\/wp-json\/wp\/v2\/posts\/134358"}],"collection":[{"href":"https:\/\/www.actualidadadiario.com\/index.php\/wp-json\/wp\/v2\/posts"}],"about":[{"href":"https:\/\/www.actualidadadiario.com\/index.php\/wp-json\/wp\/v2\/types\/post"}],"author":[{"embeddable":true,"href":"https:\/\/www.actualidadadiario.com\/index.php\/wp-json\/wp\/v2\/users\/3"}],"replies":[{"embeddable":true,"href":"https:\/\/www.actualidadadiario.com\/index.php\/wp-json\/wp\/v2\/comments?post=134358"}],"version-history":[{"count":1,"href":"https:\/\/www.actualidadadiario.com\/index.php\/wp-json\/wp\/v2\/posts\/134358\/revisions"}],"predecessor-version":[{"id":134360,"href":"https:\/\/www.actualidadadiario.com\/index.php\/wp-json\/wp\/v2\/posts\/134358\/revisions\/134360"}],"wp:featuredmedia":[{"embeddable":true,"href":"https:\/\/www.actualidadadiario.com\/index.php\/wp-json\/wp\/v2\/media\/134359"}],"wp:attachment":[{"href":"https:\/\/www.actualidadadiario.com\/index.php\/wp-json\/wp\/v2\/media?parent=134358"}],"wp:term":[{"taxonomy":"category","embeddable":true,"href":"https:\/\/www.actualidadadiario.com\/index.php\/wp-json\/wp\/v2\/categories?post=134358"},{"taxonomy":"post_tag","embeddable":true,"href":"https:\/\/www.actualidadadiario.com\/index.php\/wp-json\/wp\/v2\/tags?post=134358"}],"curies":[{"name":"wp","href":"https:\/\/api.w.org\/{rel}","templated":true}]}}