{"id":134355,"date":"2025-12-04T09:32:05","date_gmt":"2025-12-04T12:32:05","guid":{"rendered":"https:\/\/www.actualidadadiario.com\/?p=134355"},"modified":"2025-12-04T09:32:05","modified_gmt":"2025-12-04T12:32:05","slug":"presupuesto-2026-senadores-escucharon-a-boleas-blanzaco-y-berisso","status":"publish","type":"post","link":"https:\/\/www.actualidadadiario.com\/index.php\/2025\/12\/04\/presupuesto-2026-senadores-escucharon-a-boleas-blanzaco-y-berisso\/","title":{"rendered":"Presupuesto 2026: Senadores escucharon a Boleas, Blanzaco y Berisso"},"content":{"rendered":"<p style=\"text-align: center;\"><em><strong>Este mi\u00e9rcoles se llev\u00f3 a cabo una reuni\u00f3n de la Comisi\u00f3n de Presupuesto y Hacienda para abordar el proyecto de ley por el que se establece el Presupuesto General de la Administraci\u00f3n para el Ejercicio 2026, que cuenta con media sanci\u00f3n de la C\u00e1mara de Diputados. Concurrieron los ministros de Salud, de Desarrollo Humano y de Hacienda, y tambi\u00e9n el coordinador general del Ministerio de Planeamiento<\/strong><\/em><\/p>\n<p>&nbsp;<\/p>\n<p>&nbsp;<\/p>\n<p>En el recinto de la C\u00e1mara de Senadores, el presidente de la Comisi\u00f3n, Gustavo Vergara (Diamante- Juntos por Entre R\u00edos) dio inicio al tratamiento del expediente junto a sus pares Rafael Cavagna (Nogoy\u00e1 \u2013 Juntos por Entre R\u00edos), Ramiro Favre (Col\u00f3n \u2013 Juntos Por Entre R\u00edos), Nancy Miranda (Federal \u2013 M\u00e1s para Entre R\u00edos), V\u00edctor Sanzberro (Victoria \u2013 M\u00e1s Para Entre R\u00edos), Casiano Otaegui (Gualeguay \u2013 Juntos Por Entre R\u00edos), Jaime Benedetti (Gualeguaych\u00fa \u2013 Juntos por Entre R\u00edos), Juan Conti (Tala \u2013 M\u00e1s para Entre R\u00edos), Juan Pablo Cosso (Villaguay \u2013 M\u00e1s para Entre R\u00edos), Rub\u00e9n Dal Mol\u00edn (Federaci\u00f3n -Juntos Por Entre R\u00edos), Marcelo Berthet (San Salvador \u2013 M\u00e1s Para Entre R\u00edos), Gladys Dom\u00ednguez (Feliciano \u2013 Peronismo Federal) y Claudia Silva (Paran\u00e1 \u2013 M\u00e1s Para Entre R\u00edos).<\/p>\n<p>En primer lugar se present\u00f3 el ministro de Salud, Daniel Blanzaco, junto al director general de Administraci\u00f3n, Maximiliano Simiand, y la coordinadora general de Gesti\u00f3n ministerial, Ana Gabriela Diez. El ministro se\u00f1al\u00f3 que \u201capuntamos a un plan integral de salud fortaleciendo la atenci\u00f3n primaria y la salud digital\u201d. En este sentido hizo hincapi\u00e9 en \u201cdescomprimir los grandes hospitales y avanzar con telemedicina\u201d a lo cual coment\u00f3 que se realiz\u00f3 una prueba piloto en Villa Paranacito con buenos resultados. Asimismo dijo que \u201ca salud mental le hemos dado otra jerarqu\u00eda y se ha fortalecido emergencias sanitarias con una red de traslados seguros, renovaci\u00f3n de ambulancias\u201d. \u201cEn los hospitales grandes estamos haciendo obras para mayor funcionalidad y m\u00e1s servicios, queremos mejorar el acceso a la salud y mejorar la calidad\u201d, manifest\u00f3 Blanzaco. Los funcionarios del Ministerio dieron detalles de los n\u00fameros del proyecto, en tanto los senadores realizaron sus consultas sobre telemedicina, centros de salud municipales, profesionales del sistema p\u00fablico, baja de recursos nacionales, y compra de aparatolog\u00eda y medicamentos.<\/p>\n<p>Seguidamente la ministra de Desarrollo Humano, Ver\u00f3nica Berisso, estuvo acompa\u00f1ada por la directora general del Servicio Administrativo Contable, Mar\u00eda In\u00e9s Galligo, y el coordinador general del Ministerio, Gustavo Ipoutcha. \u201cVenimos trabajando para que los recursos lleguen a los entrerrianos\u201d comenz\u00f3 diciendo la ministra, y apunt\u00f3 a la distribuci\u00f3n en todo el territorio. \u201cTema alimentaci\u00f3n es el rubro m\u00e1s importante del Ministerio\u201d, remarc\u00f3 Berisso, quien agreg\u00f3 que otros ejes prioritarios lo constituyen autonom\u00eda, asistencias, inclusi\u00f3n, \u00e1rea mujer, y desarrollo comunitario, donde hay incrementos de partidas para cada uno. Los legisladores consultaron sobre algunos programas espec\u00edficos y la mesa de di\u00e1logo social.<\/p>\n<p>Posteriormente se present\u00f3 el coordinador general del ministerio de Planeamiento, Infraestructura y Servicios, Hern\u00e1n Jacob, junto al secretario Ejecutivo y de Comunicaci\u00f3n, Gonzalo Atencio, y el coordinador de Obras H\u00eddricas y Saneamiento, Lucas Serv\u00edn. Concurrieron en representaci\u00f3n de esa cartera, ya que el ministro Dar\u00edo Schneider se encontraba en el Congreso, donde jur\u00f3 como diputado nacional.<\/p>\n<p>Jacob habl\u00f3 de la inversi\u00f3n real prevista para 2026 y sobre la ejecuci\u00f3n presupuestaria de 2025. Traz\u00f3 un panorama de la obra p\u00fablica actual, con 286 obras en total. El funcionario inform\u00f3 que el 60% de los recursos ser\u00e1n destinados a obras viales, y el resto ser\u00e1 para viviendas, cloacas, educaci\u00f3n, salud, gas, edificios p\u00fablicos, entre otros. Ante consultas de senadores, desde el Ministerio enviar\u00e1n detalles de obras de los distintos departamentos.<\/p>\n<p>Por \u00faltimo, fue recibido el ministro de Hacienda y Finanzas, Fabi\u00e1n Boleas, junto a la secretaria de Hacienda, Mariela Volpe, el director ejecutivo de Presupuesto, Hugo Zubillaga, y el responsable de Recursos y An\u00e1lisis Presupuestario, Sebasti\u00e1n Ba\u00eda. Boleas habl\u00f3 de los lineamientos generales del proyecto. Hizo hincapi\u00e9 en los recursos y gastos totales. Remarc\u00f3 que la inversi\u00f3n para los gastos sociales se incrementen. \u201cLa situaci\u00f3n financiera de la provincia es muy delicada, hablamos de crisis de recursos y rigidez del gasto p\u00fablico\u201d se\u00f1al\u00f3 el ministro, por lo que \u201ctenemos que ser muy prudentes al asumir compromisos\u201d. El intercambio con los senadores tuvo que ver con deuda p\u00fablica, tema comunas, pol\u00edtica salarial, endeudamiento, y algunos art\u00edculos del proyecto.<\/p>\n<p>&nbsp;<\/p>\n<p><strong>Otra iniciativa abordada<\/strong><\/p>\n<p>Se firm\u00f3 dictamen favorable a un proyecto con media sanci\u00f3n de la C\u00e1mara de Diputados que establece \u201cCond\u00f3nese la deuda por Impuesto Inmobiliario Provincial de los inmuebles que fueran donados por titulares registrales de car\u00e1cter privado a Municipios o Comunas de Entre R\u00edos y que tuvieran como fin el desarrollo urban\u00edstico, ser destinado a espacios verdes, planes de vivienda, calles u oficinas p\u00fablicas tanto municipales como comunales, y cuyas deudas por Tasas Inmobiliarias hayan sido condonadas previamente por los respectivos Municipios o Comunas\u201d. Asimismo, indica que \u201cla deuda a condonarse comprender\u00e1 capital, intereses y multas existentes hasta el momento de confeccionarse la escritura traslativa del dominio\u201d.<\/p>\n<p>&nbsp;<\/p>\n<p><strong>Comisi\u00f3n Asuntos Municipales<\/strong><\/p>\n<p>Posteriormente, a las 12.30, se reuni\u00f3 la Comisi\u00f3n de Asuntos Municipales, presidida por el senador Rafael Cavagna, para abordar el Decreto 2967\/2025 de Declaraci\u00f3n de Comunas de ex centros rurales de poblaci\u00f3n.<\/p>\n<p>En la Sala de Comisiones, estuvieron presentes los senadores Gustavo Vergara, Rub\u00e9n Dal Mol\u00edn, Marcelo Berthet, Nancy Miranda y Juan Pablo Cosso. Adem\u00e1s, particip\u00f3 del encuentro como invitado el presidente comunal de Ingeniero Sajaroff, Jaime V\u00e9lez, quien expuso sus ideas y aportes sobre el proceso provincial que implica el cambio de categor\u00eda. Los legisladores escucharon las propuestas y acordaron continuar con el an\u00e1lisis de la iniciativa.<\/p>\n","protected":false},"excerpt":{"rendered":"<p>Este mi\u00e9rcoles se llev\u00f3 a cabo una reuni\u00f3n de la Comisi\u00f3n de Presupuesto y Hacienda para abordar el proyecto de ley por el que se establece el Presupuesto General de la Administraci\u00f3n para el Ejercicio 2026, que cuenta con media sanci\u00f3n de la C\u00e1mara de Diputados. Concurrieron los ministros de Salud, de Desarrollo Humano y de Hacienda, y tambi\u00e9n el coordinador general del Ministerio de Planeamiento &nbsp; &nbsp; En el recinto de la C\u00e1mara de Senadores, el presidente de la Comisi\u00f3n, Gustavo Vergara (Diamante- Juntos por Entre R\u00edos) dio inicio&#8230;<\/p>\n","protected":false},"author":3,"featured_media":134356,"comment_status":"closed","ping_status":"closed","sticky":false,"template":"","format":"standard","meta":[],"categories":[15],"tags":[],"_links":{"self":[{"href":"https:\/\/www.actualidadadiario.com\/index.php\/wp-json\/wp\/v2\/posts\/134355"}],"collection":[{"href":"https:\/\/www.actualidadadiario.com\/index.php\/wp-json\/wp\/v2\/posts"}],"about":[{"href":"https:\/\/www.actualidadadiario.com\/index.php\/wp-json\/wp\/v2\/types\/post"}],"author":[{"embeddable":true,"href":"https:\/\/www.actualidadadiario.com\/index.php\/wp-json\/wp\/v2\/users\/3"}],"replies":[{"embeddable":true,"href":"https:\/\/www.actualidadadiario.com\/index.php\/wp-json\/wp\/v2\/comments?post=134355"}],"version-history":[{"count":1,"href":"https:\/\/www.actualidadadiario.com\/index.php\/wp-json\/wp\/v2\/posts\/134355\/revisions"}],"predecessor-version":[{"id":134357,"href":"https:\/\/www.actualidadadiario.com\/index.php\/wp-json\/wp\/v2\/posts\/134355\/revisions\/134357"}],"wp:featuredmedia":[{"embeddable":true,"href":"https:\/\/www.actualidadadiario.com\/index.php\/wp-json\/wp\/v2\/media\/134356"}],"wp:attachment":[{"href":"https:\/\/www.actualidadadiario.com\/index.php\/wp-json\/wp\/v2\/media?parent=134355"}],"wp:term":[{"taxonomy":"category","embeddable":true,"href":"https:\/\/www.actualidadadiario.com\/index.php\/wp-json\/wp\/v2\/categories?post=134355"},{"taxonomy":"post_tag","embeddable":true,"href":"https:\/\/www.actualidadadiario.com\/index.php\/wp-json\/wp\/v2\/tags?post=134355"}],"curies":[{"name":"wp","href":"https:\/\/api.w.org\/{rel}","templated":true}]}}