{"id":134352,"date":"2025-12-04T09:30:21","date_gmt":"2025-12-04T12:30:21","guid":{"rendered":"https:\/\/www.actualidadadiario.com\/?p=134352"},"modified":"2025-12-04T09:30:21","modified_gmt":"2025-12-04T12:30:21","slug":"profesorado-de-ciencias-sociales-en-concordia-de-tres-carreras-habilitaron-la-inscripcion-solo-a-una","status":"publish","type":"post","link":"https:\/\/www.actualidadadiario.com\/index.php\/2025\/12\/04\/profesorado-de-ciencias-sociales-en-concordia-de-tres-carreras-habilitaron-la-inscripcion-solo-a-una\/","title":{"rendered":"Profesorado de Ciencias Sociales en Concordia: de tres carreras, habilitaron la inscripci\u00f3n s\u00f3lo a una"},"content":{"rendered":"<p style=\"text-align: center;\"><em><strong>El Consejo Directivo del Profesorado Superior de Ciencias Sociales de Concordia, inform\u00f3 que en el marco de la organizaci\u00f3n institucional para el ciclo lectivo 2026, a partir del 1\u00ba de diciembre se encuentran habilitadas \u00fanicamente las inscripciones para la carrera de Profesorado de Educaci\u00f3n Secundaria en Historia<\/strong><\/em><\/p>\n<p>&nbsp;<\/p>\n<p>&nbsp;<\/p>\n<p>Las carreras de Profesorado de Educaci\u00f3n Secundaria en Geograf\u00eda y de Profesorado de Educaci\u00f3n Secundaria en Ciencia Pol\u00edtica se encuentran en proceso de evaluaci\u00f3n por parte de la Direcci\u00f3n de Educaci\u00f3n Superior del Consejo General de Educaci\u00f3n (CGE), seg\u00fan la informaci\u00f3n que difundi\u00f3 CN Digital.<\/p>\n<p>En las pr\u00f3ximas semanas se comunicar\u00e1 si los profesorados en Geograf\u00eda y Ciencia Pol\u00edtica continuar\u00e1n con una nueva cohorte, o no se abrir\u00e1n los primeros a\u00f1os en el pr\u00f3ximo ciclo lectivo.<\/p>\n<p>\u201cSi bien en los \u00faltimos tiempos venimos advirtiendo esta situaci\u00f3n, por lo que hemos realizado las gestiones necesarias, y la preinscripci\u00f3n solicitada, hoy no podemos concretar la matriculaci\u00f3n a estas carreras\u201d, se indic\u00f3 desde la instituci\u00f3n. Asimismo, el Consejo Directivo advirti\u00f3 que, \u201csi no se habilitan las cohortes de las carreras de Geograf\u00eda y Ciencia Pol\u00edtica, no solo numerosos docentes perder\u00e1n sus puestos de trabajo, sino que adem\u00e1s se ver\u00e1 seriamente resentida la oferta p\u00fablica de formaci\u00f3n docente en Ciencias Sociales. Esta situaci\u00f3n tambi\u00e9n impactar\u00eda en la continuidad de un Profesorado con trayectoria en la regi\u00f3n, afectando a cientos de j\u00f3venes que esperan acceder a estas carreras para formarse como trabajadores de la educaci\u00f3n\u201d, se a\u00f1adi\u00f3.<\/p>\n<p>En consecuencia, hasta tanto la autoridad jurisdiccional adopte y anuncie las resoluciones correspondientes, el Instituto solo inscribir\u00e1 aspirantes para la carrera de Historia.<\/p>\n<p>\u201cEl Consejo Directivo agradece a la comunidad por la comprensi\u00f3n y el inter\u00e9s permanente en las propuestas formativas del Profesorado Superior de Ciencias Sociales\u201d, se indic\u00f3.<\/p>\n<p>Profesores e integrantes de la comunidad educativa manifestaron que la decisi\u00f3n del CGE tiene que ver con \u201cdefinir en qu\u00e9 zonas de la provincia sobran y d\u00f3nde faltan profesores, y profesorados\u201d.<\/p>\n<p>En una reuni\u00f3n con autoridades educativas se hizo un planteo por horas c\u00e1tedra y cargos. Las autoridades educativas habr\u00edan respondido que \u201cpertenecen a la direcci\u00f3n de nivel, no a los institutos\u201d. Docentes advirtieron que atraviesan momentos de \u201cangustia entre tanta indefinici\u00f3n e incertidumbre\u201d.<\/p>\n<p>&nbsp;<\/p>\n<p><strong>En otros lugares de la provincia<\/strong><\/p>\n<p>Lo que ocurre con los profesorados superiores en Concordia se replica en otros lugares de la provincia. Hace unos diez d\u00edas, se conoci\u00f3 el cierre del Profesorado de Lengua y Literatura de Chajar\u00ed. \u201cDesde Unidad Docente nos ponemos en alerta y convocamos a docentes y estudiantes de Entre R\u00edos a organizarnos y preparar un plan de acci\u00f3n ante el cierre de diversas carreras terciarias, entre ellas el Profesorado de Educaci\u00f3n Secundaria en Lengua y Literatura del Instituto Superior de Formaci\u00f3n Docente de Chajar\u00ed, as\u00ed como la falta de respuestas sobre la continuidad de los desdoblamientos en numerosos institutos, como ocurre en el Profesorado de Educaci\u00f3n F\u00edsica del Instituto Superior de Paran\u00e1\u201d, se indic\u00f3 la agrupaci\u00f3n docente.<\/p>\n","protected":false},"excerpt":{"rendered":"<p>El Consejo Directivo del Profesorado Superior de Ciencias Sociales de Concordia, inform\u00f3 que en el marco de la organizaci\u00f3n institucional para el ciclo lectivo 2026, a partir del 1\u00ba de diciembre se encuentran habilitadas \u00fanicamente las inscripciones para la carrera de Profesorado de Educaci\u00f3n Secundaria en Historia &nbsp; &nbsp; Las carreras de Profesorado de Educaci\u00f3n Secundaria en Geograf\u00eda y de Profesorado de Educaci\u00f3n Secundaria en Ciencia Pol\u00edtica se encuentran en proceso de evaluaci\u00f3n por parte de la Direcci\u00f3n de Educaci\u00f3n Superior del Consejo General de Educaci\u00f3n (CGE), seg\u00fan la informaci\u00f3n&#8230;<\/p>\n","protected":false},"author":3,"featured_media":134353,"comment_status":"closed","ping_status":"closed","sticky":false,"template":"","format":"standard","meta":[],"categories":[15],"tags":[],"_links":{"self":[{"href":"https:\/\/www.actualidadadiario.com\/index.php\/wp-json\/wp\/v2\/posts\/134352"}],"collection":[{"href":"https:\/\/www.actualidadadiario.com\/index.php\/wp-json\/wp\/v2\/posts"}],"about":[{"href":"https:\/\/www.actualidadadiario.com\/index.php\/wp-json\/wp\/v2\/types\/post"}],"author":[{"embeddable":true,"href":"https:\/\/www.actualidadadiario.com\/index.php\/wp-json\/wp\/v2\/users\/3"}],"replies":[{"embeddable":true,"href":"https:\/\/www.actualidadadiario.com\/index.php\/wp-json\/wp\/v2\/comments?post=134352"}],"version-history":[{"count":1,"href":"https:\/\/www.actualidadadiario.com\/index.php\/wp-json\/wp\/v2\/posts\/134352\/revisions"}],"predecessor-version":[{"id":134354,"href":"https:\/\/www.actualidadadiario.com\/index.php\/wp-json\/wp\/v2\/posts\/134352\/revisions\/134354"}],"wp:featuredmedia":[{"embeddable":true,"href":"https:\/\/www.actualidadadiario.com\/index.php\/wp-json\/wp\/v2\/media\/134353"}],"wp:attachment":[{"href":"https:\/\/www.actualidadadiario.com\/index.php\/wp-json\/wp\/v2\/media?parent=134352"}],"wp:term":[{"taxonomy":"category","embeddable":true,"href":"https:\/\/www.actualidadadiario.com\/index.php\/wp-json\/wp\/v2\/categories?post=134352"},{"taxonomy":"post_tag","embeddable":true,"href":"https:\/\/www.actualidadadiario.com\/index.php\/wp-json\/wp\/v2\/tags?post=134352"}],"curies":[{"name":"wp","href":"https:\/\/api.w.org\/{rel}","templated":true}]}}