{"id":134344,"date":"2025-12-03T11:15:26","date_gmt":"2025-12-03T14:15:26","guid":{"rendered":"https:\/\/www.actualidadadiario.com\/?p=134344"},"modified":"2025-12-03T11:15:52","modified_gmt":"2025-12-03T14:15:52","slug":"milei-festejo-el-mapa-del-congreso-la-libertad-avanza-es-la-primera-minoria-en-diputados","status":"publish","type":"post","link":"https:\/\/www.actualidadadiario.com\/index.php\/2025\/12\/03\/milei-festejo-el-mapa-del-congreso-la-libertad-avanza-es-la-primera-minoria-en-diputados\/","title":{"rendered":"Milei festej\u00f3 el mapa del Congreso: La Libertad Avanza es la primera minor\u00eda en Diputados"},"content":{"rendered":"<p style=\"text-align: center;\"><em><strong>La Libertad Avanza gan\u00f3 terreno en el Congreso. No es simple poroteo, es ventaja pol\u00edtica<\/strong><\/em><\/p>\n<p>&nbsp;<\/p>\n<p>&nbsp;<\/p>\n<p>Las elecciones 2025 cambiaron el panorama del Congreso de la Naci\u00f3n. En la C\u00e1mara de Diputados, La Libertad Avanza logr\u00f3 ganar terreno y posicionarse como la primera minor\u00eda gracias a una serie de pases y apoyos de aliados. Javier Milei celebr\u00f3 la noticia, que reforzar\u00e1 a su espacio para conseguir las reformas que planea ingresar al Congreso, como la laboral, tributaria y previsional. \u201cPrimera minor\u00eda confirmada. \u00bfViva La Libertad Carajo!\u201d, escribi\u00f3 en sus redes sociales.<\/p>\n<p>La pieza clave la movi\u00f3 Francisco Morchio, un diputado que responde al gobernador de Entre R\u00edos, Rogelio Frigerio, perteneciente al ri\u00f1\u00f3n puro del PRO. La confirmaci\u00f3n lleg\u00f3 luego de que el titular del bloque de diputados de La Libertad Avanza, Gabriel Bornoroni, le diera la bienvenida oficial a Morchio en X.<\/p>\n<p>&nbsp;<\/p>\n<p><strong>No es simple poroteo, es ventaja pol\u00edtica<\/strong><\/p>\n<p>La primera minor\u00eda es el bloque o interbloque pol\u00edtico que tiene el mayor n\u00famero de bancas en cualquiera de las dos c\u00e1maras, pero que no alcanza la mayor\u00eda absoluta o el \u201cqu\u00f3rum\u201d necesario para sesionar y aprobar leyes por s\u00ed mismo. En el caso de Diputados, el n\u00famero total es de 257 bancas, por lo que el qu\u00f3rum es de 129 diputados. Es decir, la mitad m\u00e1s uno.<\/p>\n<p>Se erige como el actor fundamental en cualquier negociaci\u00f3n. Cualquier ley que el oficialismo quiera aprobar o que la oposici\u00f3n quiera bloquear debe pasar inevitablemente por un acuerdo con la primera minor\u00eda. Sin embargo, tambi\u00e9n hay un beneficio extra y hasta m\u00e1s importante, que es el control de las comisiones.<\/p>\n<p>La primera minor\u00eda tiene derecho a la mayor cantidad de presidencias, vicepresidencias y secretar\u00edas de comisiones, lo cual permite controlar el temario y la velocidad con que las leyes llegan al recinto. Las comisiones parlamentarias son aquellas en donde se debaten, modifican y firman dict\u00e1menes de las leyes; y se distribuyen de forma proporcional a la fuerza de cada bloque: aqu\u00ed La Libertad Avanza tambi\u00e9n gan\u00f3 terreno.<\/p>\n<p>Antes de las elecciones de este a\u00f1o, el bloque de La Libertad avanza era una fuerza minoritaria que rondaba las 43 bancas propias. Sin embargo, tuvo una performance hist\u00f3rica en los comicios y catapult\u00f3 la fuerza pol\u00edtica a un andamiaje de mayor poder e influencia en la c\u00e1mara baja: gan\u00f3 alrededor de 60 bancas. Entre resultados electorales y alianzas con partidos simpatizantes, el oficialismo rompi\u00f3 la barrera y se convirti\u00f3 en la primera minor\u00eda, con 95 bancas a favor, apenas por detr\u00e1s de Uni\u00f3n por la Patria, que se qued\u00f3 con 99.<\/p>\n<p>El nuevo mapa de la C\u00e1mara de Diputados est\u00e1 por terminar de trazar sus \u00faltimas l\u00edneas antes de la jura de los 127 nuevos diputados, prevista para este mi\u00e9rcoles 3 de diciembre.<\/p>\n","protected":false},"excerpt":{"rendered":"<p>La Libertad Avanza gan\u00f3 terreno en el Congreso. No es simple poroteo, es ventaja pol\u00edtica &nbsp; &nbsp; Las elecciones 2025 cambiaron el panorama del Congreso de la Naci\u00f3n. En la C\u00e1mara de Diputados, La Libertad Avanza logr\u00f3 ganar terreno y posicionarse como la primera minor\u00eda gracias a una serie de pases y apoyos de aliados. Javier Milei celebr\u00f3 la noticia, que reforzar\u00e1 a su espacio para conseguir las reformas que planea ingresar al Congreso, como la laboral, tributaria y previsional. \u201cPrimera minor\u00eda confirmada. \u00bfViva La Libertad Carajo!\u201d, escribi\u00f3 en sus&#8230;<\/p>\n","protected":false},"author":3,"featured_media":133764,"comment_status":"closed","ping_status":"closed","sticky":false,"template":"","format":"standard","meta":[],"categories":[9],"tags":[],"_links":{"self":[{"href":"https:\/\/www.actualidadadiario.com\/index.php\/wp-json\/wp\/v2\/posts\/134344"}],"collection":[{"href":"https:\/\/www.actualidadadiario.com\/index.php\/wp-json\/wp\/v2\/posts"}],"about":[{"href":"https:\/\/www.actualidadadiario.com\/index.php\/wp-json\/wp\/v2\/types\/post"}],"author":[{"embeddable":true,"href":"https:\/\/www.actualidadadiario.com\/index.php\/wp-json\/wp\/v2\/users\/3"}],"replies":[{"embeddable":true,"href":"https:\/\/www.actualidadadiario.com\/index.php\/wp-json\/wp\/v2\/comments?post=134344"}],"version-history":[{"count":1,"href":"https:\/\/www.actualidadadiario.com\/index.php\/wp-json\/wp\/v2\/posts\/134344\/revisions"}],"predecessor-version":[{"id":134345,"href":"https:\/\/www.actualidadadiario.com\/index.php\/wp-json\/wp\/v2\/posts\/134344\/revisions\/134345"}],"wp:featuredmedia":[{"embeddable":true,"href":"https:\/\/www.actualidadadiario.com\/index.php\/wp-json\/wp\/v2\/media\/133764"}],"wp:attachment":[{"href":"https:\/\/www.actualidadadiario.com\/index.php\/wp-json\/wp\/v2\/media?parent=134344"}],"wp:term":[{"taxonomy":"category","embeddable":true,"href":"https:\/\/www.actualidadadiario.com\/index.php\/wp-json\/wp\/v2\/categories?post=134344"},{"taxonomy":"post_tag","embeddable":true,"href":"https:\/\/www.actualidadadiario.com\/index.php\/wp-json\/wp\/v2\/tags?post=134344"}],"curies":[{"name":"wp","href":"https:\/\/api.w.org\/{rel}","templated":true}]}}