{"id":134328,"date":"2025-12-04T09:01:49","date_gmt":"2025-12-04T12:01:49","guid":{"rendered":"https:\/\/www.actualidadadiario.com\/?p=134328"},"modified":"2025-12-04T10:01:28","modified_gmt":"2025-12-04T13:01:28","slug":"fiebre-amarilla-quienes-deben-vacunarse-y-recomendaciones-para-viajeros","status":"publish","type":"post","link":"https:\/\/www.actualidadadiario.com\/index.php\/2025\/12\/04\/fiebre-amarilla-quienes-deben-vacunarse-y-recomendaciones-para-viajeros\/","title":{"rendered":"Fiebre amarilla: qui\u00e9nes deben vacunarse y recomendaciones para viajeros"},"content":{"rendered":"<p style=\"text-align: center;\"><em><strong>Durante los primeros cinco meses de 2025, la OPS confirm\u00f3 235 casos y 96 fallecimientos en Am\u00e9rica Latina. El avance del virus fuera del \u00e1rea amaz\u00f3nica renov\u00f3 las alertas sanitarias y reaviv\u00f3 la importancia de la vacunaci\u00f3n<\/strong><\/em><\/p>\n<p>&nbsp;<\/p>\n<p>&nbsp;<\/p>\n<p>El aumento sostenido de casos de fiebre amarilla en Am\u00e9rica Latina durante 2025 encendi\u00f3 las alarmas de organismos sanitarios internacionales. Seg\u00fan el \u00faltimo informe de la Organizaci\u00f3n Panamericana de la Salud (OPS), entre enero y mayo se registraron 235 infecciones humanas y 96 muertes, lo que representa una tasa de letalidad del 41%. El escenario preocupa por la expansi\u00f3n del virus m\u00e1s all\u00e1 de la regi\u00f3n amaz\u00f3nica, hist\u00f3ricamente la m\u00e1s afectada.<\/p>\n<p>Expansi\u00f3n geogr\u00e1fica: casos fuera del \u00e1rea amaz\u00f3nica<\/p>\n<p>La fiebre amarilla impacta este a\u00f1o principalmente a Brasil, Colombia, Per\u00fa, Ecuador y Bolivia.<\/p>\n<p>Brasil encabeza los reportes con 111 casos y 44 fallecimientos, seguido de Colombia con 74 contagios y 31 muertes. Los dem\u00e1s pa\u00edses andinos notificaron decenas de casos.<\/p>\n<p>Uno de los aspectos m\u00e1s llamativos es la detecci\u00f3n de enfermos en \u00e1reas no tradicionales, como zonas monta\u00f1osas de Colombia, regiones subtropicales de Brasil y \u00e1reas pr\u00f3ximas a grandes centros urbanos. La OPS alert\u00f3 que la expansi\u00f3n incluye regiones donde el virus no circulaba con frecuencia, elevando el riesgo de brotes urbanos impulsados por el mosquito Aedes aegypti.<\/p>\n<p>\u201cLa mayor\u00eda de los casos graves corresponden a personas no vacunadas. Por eso es prioritario que quienes viajen consulten a un m\u00e9dico para evaluar la necesidad de inmunizarse\u201d, advirti\u00f3 Cecilia Ezcurra, infect\u00f3loga y jefa de Epidemiolog\u00eda del Hospital Alem\u00e1n.<\/p>\n<p>&nbsp;<\/p>\n<p><strong>Situaci\u00f3n en Argentina<\/strong><\/p>\n<p>En Argentina no se notifican casos aut\u00f3ctonos desde 2009 ni importados desde 2018. Sin embargo, la cercan\u00eda con pa\u00edses afectados y la presencia del mosquito transmisor mantienen el riesgo latente. El Ministerio de Salud reforz\u00f3 la vigilancia, especialmente en provincias fronterizas y zonas con circulaci\u00f3n del vector.<\/p>\n<p>&nbsp;<\/p>\n<p><strong>Qu\u00e9 es la fiebre amarilla y c\u00f3mo se transmite<\/strong><\/p>\n<p>Se trata de una enfermedad viral aguda transmitida por mosquitos infectados, principalmente Aedes aegypti y Haemagogus spp, presentes en zonas tropicales y subtropicales.<\/p>\n<p>Los s\u00edntomas frecuentes son fiebre, dolores musculares y n\u00e1useas. Un 15% de los casos puede evolucionar a formas graves, con ictericia, sangrados y da\u00f1o hep\u00e1tico.<\/p>\n<p>&nbsp;<\/p>\n<p><strong>El virus circula en dos ciclos:<\/strong><\/p>\n<ul>\n<li>Selv\u00e1tico, entre monos y humanos en \u00e1reas boscosas.<\/li>\n<li>Urbano, cuando ingresa a ciudades con alta densidad de mosquitos.<\/li>\n<\/ul>\n<p>La OPS se\u00f1al\u00f3 que la mayor\u00eda de los casos recientes pertenecen al ciclo selv\u00e1tico.<\/p>\n<p>&nbsp;<\/p>\n<p><strong>\u00bfQui\u00e9nes deben vacunarse?<\/strong><\/p>\n<p>Las autoridades distinguen entre residentes en zonas end\u00e9micas y viajeros.<\/p>\n<p>En Argentina, la vacuna gratuita se aplica solo a residentes o trabajadores de \u00e1reas con riesgo comprobado:<\/p>\n<p>Misiones, Corrientes, Formosa<\/p>\n<p>Sectores de Salta, Jujuy y Chaco<\/p>\n<p>Deben presentar un documento que acredite domicilio o actividad laboral en la zona.<\/p>\n<p>Los viajeros a regiones con circulaci\u00f3n viral \u2014dentro o fuera del pa\u00eds\u2014 deben consultar si requieren la vacuna y gestionar la aplicaci\u00f3n en centros privados autorizados. En muchos pa\u00edses es obligatorio presentar el certificado internacional de vacunaci\u00f3n para ingresar.<\/p>\n<p>&nbsp;<\/p>\n<p><strong>La vacuna debe aplicarse al menos 10 d\u00edas antes del viaje y est\u00e1 contraindicada en:<\/strong><\/p>\n<ul>\n<li>Beb\u00e9s menores de 6 meses<\/li>\n<li>Embarazadas (salvo indicaci\u00f3n m\u00e9dica)<\/li>\n<li>Personas inmunocomprometidas<\/li>\n<li>Mayores de 60 a\u00f1os con condiciones espec\u00edficas<\/li>\n<\/ul>\n<p>\u201cLa indicaci\u00f3n debe ser personalizada, especialmente en adultos mayores, inmunodeprimidos o embarazadas\u201d, remarc\u00f3 Ezcurra.<\/p>\n<p>&nbsp;<\/p>\n<p><strong>D\u00f3nde vacunarse en Argentina<\/strong><\/p>\n<p>En provincias end\u00e9micas, se aplica de manera gratuita en hospitales p\u00fablicos y centros autorizados.<\/p>\n<p>Las personas que viajan a zonas con circulaci\u00f3n viral deben hacerlo en centros privados habilitados, donde tambi\u00e9n se emite el certificado internacional. El Ministerio de Salud restringi\u00f3 la distribuci\u00f3n gratuita para priorizar los territorios con mayor exposici\u00f3n al ciclo selv\u00e1tico.<\/p>\n<p>&nbsp;<\/p>\n<p><strong>Medidas adicionales de prevenci\u00f3n<\/strong><\/p>\n<p>Adem\u00e1s de la vacunaci\u00f3n, se recomienda:<\/p>\n<ul>\n<li>Usar repelentes con DEET (15%-25%)<\/li>\n<li>Vestir ropa clara y de manga larga<\/li>\n<li>Colocar mosquiteros en ventanas y camas<\/li>\n<li>Eliminar recipientes con agua estancada<\/li>\n<li>Evitar actividades al aire libre al amanecer y al atardecer<\/li>\n<li>Proteger a beb\u00e9s con tul mosquitero y preferir alojamientos con aire acondicionado<\/li>\n<\/ul>\n<p>Ante s\u00edntomas compatibles tras un viaje, se debe acudir a un m\u00e9dico y reportar los desplazamientos recientes, evitando automedicarse.<\/p>\n","protected":false},"excerpt":{"rendered":"<p>Durante los primeros cinco meses de 2025, la OPS confirm\u00f3 235 casos y 96 fallecimientos en Am\u00e9rica Latina. El avance del virus fuera del \u00e1rea amaz\u00f3nica renov\u00f3 las alertas sanitarias y reaviv\u00f3 la importancia de la vacunaci\u00f3n &nbsp; &nbsp; El aumento sostenido de casos de fiebre amarilla en Am\u00e9rica Latina durante 2025 encendi\u00f3 las alarmas de organismos sanitarios internacionales. Seg\u00fan el \u00faltimo informe de la Organizaci\u00f3n Panamericana de la Salud (OPS), entre enero y mayo se registraron 235 infecciones humanas y 96 muertes, lo que representa una tasa de letalidad&#8230;<\/p>\n","protected":false},"author":3,"featured_media":132538,"comment_status":"closed","ping_status":"closed","sticky":false,"template":"","format":"standard","meta":[],"categories":[2],"tags":[],"_links":{"self":[{"href":"https:\/\/www.actualidadadiario.com\/index.php\/wp-json\/wp\/v2\/posts\/134328"}],"collection":[{"href":"https:\/\/www.actualidadadiario.com\/index.php\/wp-json\/wp\/v2\/posts"}],"about":[{"href":"https:\/\/www.actualidadadiario.com\/index.php\/wp-json\/wp\/v2\/types\/post"}],"author":[{"embeddable":true,"href":"https:\/\/www.actualidadadiario.com\/index.php\/wp-json\/wp\/v2\/users\/3"}],"replies":[{"embeddable":true,"href":"https:\/\/www.actualidadadiario.com\/index.php\/wp-json\/wp\/v2\/comments?post=134328"}],"version-history":[{"count":1,"href":"https:\/\/www.actualidadadiario.com\/index.php\/wp-json\/wp\/v2\/posts\/134328\/revisions"}],"predecessor-version":[{"id":134329,"href":"https:\/\/www.actualidadadiario.com\/index.php\/wp-json\/wp\/v2\/posts\/134328\/revisions\/134329"}],"wp:featuredmedia":[{"embeddable":true,"href":"https:\/\/www.actualidadadiario.com\/index.php\/wp-json\/wp\/v2\/media\/132538"}],"wp:attachment":[{"href":"https:\/\/www.actualidadadiario.com\/index.php\/wp-json\/wp\/v2\/media?parent=134328"}],"wp:term":[{"taxonomy":"category","embeddable":true,"href":"https:\/\/www.actualidadadiario.com\/index.php\/wp-json\/wp\/v2\/categories?post=134328"},{"taxonomy":"post_tag","embeddable":true,"href":"https:\/\/www.actualidadadiario.com\/index.php\/wp-json\/wp\/v2\/tags?post=134328"}],"curies":[{"name":"wp","href":"https:\/\/api.w.org\/{rel}","templated":true}]}}