{"id":134326,"date":"2025-12-04T09:01:02","date_gmt":"2025-12-04T12:01:02","guid":{"rendered":"https:\/\/www.actualidadadiario.com\/?p=134326"},"modified":"2025-12-04T10:00:33","modified_gmt":"2025-12-04T13:00:33","slug":"radiografia-del-empleo-en-las-provincias-se-destruyeron-hasta-el-15-de-los-puestos-de-trabajo","status":"publish","type":"post","link":"https:\/\/www.actualidadadiario.com\/index.php\/2025\/12\/04\/radiografia-del-empleo-en-las-provincias-se-destruyeron-hasta-el-15-de-los-puestos-de-trabajo\/","title":{"rendered":"Radiograf\u00eda del empleo en las provincias: se destruyeron hasta el 15% de los puestos de trabajo"},"content":{"rendered":"<p style=\"text-align: center;\"><em><strong>Solo dos provincias resultaron ganadoras en t\u00e9rminos de empleo durante el Gobierno de Javier Milei, mientras que las dem\u00e1s sufrieron fuerte, fundamentalmente en los sectores de construcci\u00f3n e industria<\/strong><\/em><\/p>\n<p>&nbsp;<\/p>\n<p>&nbsp;<\/p>\n<p>Tras la desaceleraci\u00f3n de la inflaci\u00f3n, actualmente la principal preocupaci\u00f3n de los argentinos es el nivel de actividad, que redunde en m\u00e1s empleo y mejores ingresos, seg\u00fan explic\u00f3 el consultor Guillermo Oliveto. La inquietud llega en un momento en el que se est\u00e1n perdiendo cerca de 10.000 empleos privados mensuales solo durante 2025, por lo cual desde la asunci\u00f3n de Javier Milei como presidente se destruyeron m\u00e1s de 220.000 puestos de trabajo. Santa Cruz, La Rioja y Formosa fueron las provincias m\u00e1s afectadas.<\/p>\n<p>Seg\u00fan cifras desestacionalizadas del Sistema Integrado Previsional Argentino (SIPA), Santa Cruz perdi\u00f3 el 15% de su fuerza laboral; La Rioja, m\u00e1s del 11%; y Formosa, el 8%.<\/p>\n<p>Entre los rubros m\u00e1s castigados por la administraci\u00f3n libertaria estuvieron la construcci\u00f3n, debido al parate de la obra p\u00fablica nacional dispuesta por el Ejecutivo, y la industria, golpeada por la baja demanda y la apertura indiscriminada de importaciones. Tanto es as\u00ed, que la capacidad instalada actualmente est\u00e1 operando al 61,1%, seg\u00fan el INDEC. El empleo en cada uno de estos rubros cay\u00f3 en 62.741 (-14,3%) y 42.406 (-3,6%), puestos de trabajo respectivamente. A menor escala, tambi\u00e9n hubo un importante retroceso en el rubro explotaci\u00f3n de minas y canteras (-7%, con unos 6.600 empleos menos).<\/p>\n<p>&#8220;La construcci\u00f3n es industria de industrias&#8221;, le dijo Oliveto a este medio, coincidiendo con la mirada del titular de la C\u00e1mara Argentina de la Construcci\u00f3n (CAMARCO),Gustavo Weiss, quien destac\u00f3 el efecto derrame que genera este sector.<\/p>\n<p>&nbsp;<\/p>\n<p><strong>Empleo provincia por provincia<\/strong><\/p>\n<p>Seg\u00fan los \u00faltimos datos oficiales, el empleo formal privado cay\u00f3 con fuerza en buena parte del pa\u00eds desde 2023, especialmente en las provincias m\u00e1s dependientes de la obra p\u00fablica, la industria textil o el petr\u00f3leo convencional. A contramano, solo dos provincias lograron maniobrar positivamente los datos de empleo durante este per\u00edodo.<\/p>\n<p>La m\u00e1s golpeada sin dudas fue la provincia de Santa Cruz donde el empleo cay\u00f3 15% (o 9.807 puestos de trabajo). Esta fuerte ca\u00edda se explica en gran parte por la baja en la producci\u00f3n de petr\u00f3leo convencional y el empleo p\u00fablico, seg\u00fan confirm\u00f3 una alta fuente provincial.<\/p>\n<p>El Plan Andes, que es una estrategia de YPF para vender campos de petr\u00f3leo y gas maduros convencionales en varias provincias y enfocarse en la producci\u00f3n no convencional en Vaca Muerta, gener\u00f3 una privatizaci\u00f3n de los campos. All\u00ed, se perdieron cerca de 4.000 empleos.<\/p>\n<p>En La Rioja, en tanto, se destruyeron el 11,25% de los empleos (-3.675 puestos), que se explica por el impacto de la construcci\u00f3n sumado a la contracci\u00f3n industrial. Textil y calzado -dos sectores sensibles a la importaci\u00f3n y con fuerte presencia en esa provincia- achicaron sus plantas ante la mayor competencia externa, seg\u00fan explicaron desde Fundar.<\/p>\n<p>En Formosa hubo una ca\u00edda del empleo del 8,16% (-2.016 puestos). Aqu\u00ed, la baja se explica casi \u00edntegramente por la p\u00e9rdida de puestos de trabajo en la construcci\u00f3n. Un fen\u00f3meno similar se repite en Santiago del Estero (-6,1% \u00f3 3.285 puestos) y Chaco (-7,6% \u00f3 5.918 empleos), donde el freno de la obra p\u00fablica golpe\u00f3 de lleno.<\/p>\n<p>En Tierra del Fuego, que tiene 2.220 puestos de trabajo menos (-2,2%), la contracci\u00f3n se relaciona con la reducci\u00f3n de empleo en la industria electr\u00f3nica fueguina, una de las actividades m\u00e1s afectadas por la apertura comercial, precisaron desde Fundar.<\/p>\n<p>&nbsp;<\/p>\n<p><strong>Dos oasis: en Neuqu\u00e9n y Tucum\u00e1n el empleo creci\u00f3<\/strong><\/p>\n<p>Solo Neuqu\u00e9n y Tucum\u00e1n conservaron terreno positivo en las estad\u00edsticas de empleo, traccionados por dos sectores puntuales: petr\u00f3leo (Vaca Muerta) y el agro.<\/p>\n<p>Neuqu\u00e9n tuvo un crecimiento de 4.102 puestos de trabajo (+2,9%): Vaca Muerta volvi\u00f3 a demostrar su capacidad expansiva. El boom hidrocarbur\u00edfero no s\u00f3lo sum\u00f3 empleo directo en petr\u00f3leo y gas, sino tambi\u00e9n en toda la red de proveedores, log\u00edstica y comercios, destacaron desde Fundar. El dinamismo, adem\u00e1s, no es nuevo: viene siendo la provincia que m\u00e1s empleo formal cre\u00f3 en la \u00faltima d\u00e9cada.<\/p>\n<p>Tucum\u00e1n cre\u00f3 empleo, aunque a menor escala: Apenas 121 (+0,1%). Aqu\u00ed se destac\u00f3 el empuje del empleo agroindustrial, especialmente en la cadena citr\u00edcola.<\/p>\n<p>&nbsp;<\/p>\n<p><strong>\u00bfQu\u00e9 pas\u00f3 en las provincias m\u00e1s grandes?<\/strong><\/p>\n<p>Otro caso paradigm\u00e1tico en el total de puestos de trabajo perdidos es el de la provincia de Buenos Aires, debido a la magnitud de la poblaci\u00f3n y, por ende, la fuerza de trabajo. Desde noviembre 2023 se perdieron 44.220 puestos de trabajo (-2,2%), seg\u00fan datos oficiales de SIPA.<\/p>\n<p>Le siguen en importancia de p\u00e9rdida de empleo CABA, con 29.312 puestos de trabajo menos (-1,9%) y Santa Fe con una p\u00e9rdida de 10.007 empleos (-1,9%). C\u00f3rdoba, en tanto, fue la que menos perdi\u00f3 (-1,7% \u00f3 8.815 puestos).<\/p>\n<p>La fuerte ca\u00edda de la provincia de Buenos Aires se explica por el mal desempe\u00f1o del sector manufacturero. Vale recordar que desde 2023 a mayo de este a\u00f1o cerraron 15.564 unidades productivas, seg\u00fan datos del Instituto Argentina Grande (IAG), donde las provincias con mayores p\u00e9rdidas de empresas fueron Buenos Aires con 4.293, seguida de C\u00f3rdoba con una baja de 2.290 y CABA con 2.090.<\/p>\n<p>En la Ciudad Aut\u00f3noma de Buenos Aires, la ca\u00edda pudo haber estado amortiguada por su estructura mayormente volcada al sector de servicios, que fue uno de los pocos que resistieron mejor la recesi\u00f3n, con un crecimiento de 0,9% entre el tercer trimestre 2023 y el segundo 2025, seg\u00fan se\u00f1alaron desde Fundar.<\/p>\n","protected":false},"excerpt":{"rendered":"<p>Solo dos provincias resultaron ganadoras en t\u00e9rminos de empleo durante el Gobierno de Javier Milei, mientras que las dem\u00e1s sufrieron fuerte, fundamentalmente en los sectores de construcci\u00f3n e industria &nbsp; &nbsp; Tras la desaceleraci\u00f3n de la inflaci\u00f3n, actualmente la principal preocupaci\u00f3n de los argentinos es el nivel de actividad, que redunde en m\u00e1s empleo y mejores ingresos, seg\u00fan explic\u00f3 el consultor Guillermo Oliveto. La inquietud llega en un momento en el que se est\u00e1n perdiendo cerca de 10.000 empleos privados mensuales solo durante 2025, por lo cual desde la asunci\u00f3n&#8230;<\/p>\n","protected":false},"author":3,"featured_media":124368,"comment_status":"closed","ping_status":"closed","sticky":false,"template":"","format":"standard","meta":[],"categories":[9],"tags":[],"_links":{"self":[{"href":"https:\/\/www.actualidadadiario.com\/index.php\/wp-json\/wp\/v2\/posts\/134326"}],"collection":[{"href":"https:\/\/www.actualidadadiario.com\/index.php\/wp-json\/wp\/v2\/posts"}],"about":[{"href":"https:\/\/www.actualidadadiario.com\/index.php\/wp-json\/wp\/v2\/types\/post"}],"author":[{"embeddable":true,"href":"https:\/\/www.actualidadadiario.com\/index.php\/wp-json\/wp\/v2\/users\/3"}],"replies":[{"embeddable":true,"href":"https:\/\/www.actualidadadiario.com\/index.php\/wp-json\/wp\/v2\/comments?post=134326"}],"version-history":[{"count":1,"href":"https:\/\/www.actualidadadiario.com\/index.php\/wp-json\/wp\/v2\/posts\/134326\/revisions"}],"predecessor-version":[{"id":134327,"href":"https:\/\/www.actualidadadiario.com\/index.php\/wp-json\/wp\/v2\/posts\/134326\/revisions\/134327"}],"wp:featuredmedia":[{"embeddable":true,"href":"https:\/\/www.actualidadadiario.com\/index.php\/wp-json\/wp\/v2\/media\/124368"}],"wp:attachment":[{"href":"https:\/\/www.actualidadadiario.com\/index.php\/wp-json\/wp\/v2\/media?parent=134326"}],"wp:term":[{"taxonomy":"category","embeddable":true,"href":"https:\/\/www.actualidadadiario.com\/index.php\/wp-json\/wp\/v2\/categories?post=134326"},{"taxonomy":"post_tag","embeddable":true,"href":"https:\/\/www.actualidadadiario.com\/index.php\/wp-json\/wp\/v2\/tags?post=134326"}],"curies":[{"name":"wp","href":"https:\/\/api.w.org\/{rel}","templated":true}]}}