{"id":134324,"date":"2025-12-03T10:00:21","date_gmt":"2025-12-03T13:00:21","guid":{"rendered":"https:\/\/www.actualidadadiario.com\/?p=134324"},"modified":"2025-12-03T10:58:52","modified_gmt":"2025-12-03T13:58:52","slug":"salario-minimo-el-gobierno-fijo-aumentos-escalonados-hasta-agosto-de-2026","status":"publish","type":"post","link":"https:\/\/www.actualidadadiario.com\/index.php\/2025\/12\/03\/salario-minimo-el-gobierno-fijo-aumentos-escalonados-hasta-agosto-de-2026\/","title":{"rendered":"Fijan el nuevo salario m\u00ednimo: cu\u00e1nto se perdi\u00f3 frente  la inflaci\u00f3n"},"content":{"rendered":"<p style=\"text-align: center;\"><em><strong>Se formalizaron los nuevos valores del haber m\u00ednimo, tras la falta de acuerdo en la \u00faltima reuni\u00f3n del Consejo. El SMVM aument\u00f3 menos que la mitad de la inflaci\u00f3n<\/strong><\/em><\/p>\n<p>&nbsp;<\/p>\n<p>&nbsp;<\/p>\n<p>El Gobierno oficializ\u00f3 los montos del Salario M\u00ednimo, Vital y M\u00f3vil (SMVM) entre noviembre y agosto del a\u00f1o pr\u00f3ximo, con porcentajes decrecientes que, al menos para el mes pasado, ser\u00e1n inferiores a la inflaci\u00f3n prevista por la mayor\u00eda de la consultoras, profundizando el deterioro de los \u00faltimos a\u00f1os.<\/p>\n<p>La medida se plasm\u00f3 en la resoluci\u00f3n 9\/2025 del Consejo Nacional del Empleo, la Productividad y el Salario M\u00ednimo, Vital y M\u00f3vil, en el que se estableci\u00f3 un incremento del 1,99% para el haber de noviembre, luego de no haberlo modificado tanto en septiembre como en octubre.<\/p>\n<p>Como en esos dos meses la inflaci\u00f3n fue respectivamente de 2,1% y 2,3% y que para noviembre se espera un porcentaje similar al de octubre, el incremento de los precios al consumidor en ese trimestre habr\u00eda alcanzado al 6,8%, m\u00e1s que el triple que el aumento autorizado.<\/p>\n<p>&nbsp;<\/p>\n<p><strong>Los nuevos valores<\/strong><\/p>\n<p>Tras no haberse arribado a un acuerdo en la reuni\u00f3n tripartida del Gobierno, gremios y empresarios, el Consejo resolvi\u00f3 de manera unilateral que el SMVM de noviembre pase a ser de $328.400, un 1,99% m\u00e1s que los $322.000 vigentes desde agosto.<\/p>\n<p>Para los meses siguientes, en el convencimiento de que se retomar\u00e1 el proceso de desaceleraci\u00f3n inflacionaria, se aprobaron estos montos:<\/p>\n<ul>\n<li>Diciembre de 2025: $334.800, con un ajuste del 1,95% respecto del mes previo.<\/li>\n<li>Enero de 2026: $341.000 (1,85%)<\/li>\n<li>Febrero de 2026: $346.800 (1,70%)<\/li>\n<li>Marzo de 2026: $352.400 (1,61%)<\/li>\n<li>Abril de 2026: $357.800 (1,53%)<\/li>\n<li>Mayo de 2026: $363.000 (1,45%)<\/li>\n<li>Junio de 2026: $367.800 (1,32%)<\/li>\n<li>Julio de 2026: 372.400 (1,25%)<\/li>\n<li>Agosto de 2026: $376.600 (1,13%)<\/li>\n<\/ul>\n<p>De esa forma, se completar\u00eda un per\u00edodo de doce meses respecto del \u00faltimo ajuste con un aumento acumulado del 16,96%, un porcentaje que no se est\u00e1 en condiciones de adelantar si ser\u00e1 mayor o menor que la inflaci\u00f3n hasta agosto del a\u00f1o que viene, pero que es insuficiente para compensar la p\u00e9rdida real del poder adquisitivo del SMVM a lo largo de la Presidencia de Javier Milei.<\/p>\n<p>&nbsp;<\/p>\n<p><strong>Cu\u00e1nto perdi\u00f3 el SMVM<\/strong><\/p>\n<p>El SMVM vigente al momento de asumir el actual gobierno era de $146.000 (noviembre de 2023, a pagar en los primeros d\u00edas de diciembre de ese a\u00f1o), con lo que el incremento del haber en dos a\u00f1os fue del 120,5%.<\/p>\n<p>La inflaci\u00f3n acumulada en ese per\u00edodo fue del 355,9%, por lo que el SMVM acusa un deterioro en t\u00e9rminos reales del 51,6% o, si se prefiere, tuvo que haber sido fijado en octubre pasado en $665.614 para equiparar la evoluci\u00f3n de los precios minoristas.<\/p>\n<p>En relaci\u00f3n con la Canasta B\u00e1sica Total (CBT) para un hogar de cuatro miembros, la cobertura del SMVM cay\u00f3 en octubre del 26,53%, es decir que fueron necesarios cuatro haberes para superar la l\u00ednea de pobreza.<\/p>\n<p>&nbsp;<\/p>\n<p><strong>M\u00e1s de cuatro a\u00f1os en baja<\/strong><\/p>\n<p>Desde junio de 2021, cuando la relaci\u00f3n entre las dos variables fue del 58,97% (es decir, dos salarios m\u00ednimos sobraban para la cobertura de la CBT), el poder de compra del haber fue en declive, hasta cerrar la Presidencia de Alberto Fern\u00e1ndez con un 31,46% en diciembre de 2023, con una ca\u00edda de m\u00e1s de 27 puntos porcentuales en poco m\u00e1s de dos a\u00f1os.<\/p>\n<p>Ese descenso no solo no se interrumpi\u00f3 durante la Presidencia de Milei, sino que, por el contrario, se profundiz\u00f3, a pesar de una leve recuperaci\u00f3n a medida que se fue atenuando la inflaci\u00f3n.<\/p>\n<p>El incremento del salario m\u00ednimo a $ 180.000 en febrero de 2024, al ser del 15,38%, no alcanz\u00f3 a compensar la inflaci\u00f3n del bimestre diciembre-enero (51,35%) y, en consecuencia, solo alcanz\u00f3 a cubrir el 26,05% de la CBT.<\/p>\n<p>A partir de marzo de ese a\u00f1o, hubo una recuperaci\u00f3n ininterrumpida hasta julio, con coberturas del 26,22% en el tercer mes del a\u00f1o, 26,69% en abril, 27,52% en mayo, 26,83% en junio y 28,23% en julio.<\/p>\n<p>Los cuatro meses siguientes tuvieron incrementos salariales que en todos los casos fueron inferiores a la evoluci\u00f3n de la canasta, por lo que los porcentajes de cobertura descendieron a 27,92% en agosto de 2024, 27,79% en septiembre, 27,53% en octubre y 27,12% en noviembre.<\/p>\n<p>&nbsp;<\/p>\n<p><strong>Qu\u00e9 pas\u00f3 en 2025<\/strong><\/p>\n<p>En diciembre hubo una recuperaci\u00f3n que elev\u00f3 la cobertura al 27,30% y al 27,73% en enero de este a\u00f1o, un 2025 en el que la relaci\u00f3n SMVM\/CBT estuvo sujeta a las oscilaciones propias de ajustes mayores a la inflaci\u00f3n en algunos meses, seguidos de incrementos inferiores a los precios y, el septiembre y octubre, directamente al congelamiento del haber m\u00ednimo.<\/p>\n<p>De esta manera, entre enero y octubre la cobertura de la canasta fue la siguiente:<\/p>\n<ul>\n<li>Enero: 27,73%<\/li>\n<li>Febrero: 27,64%<\/li>\n<li>Marzo: 26,98%<\/li>\n<li>Abril: 27,26%<\/li>\n<li>Mayo: 27,75%<\/li>\n<li>Junio: 27,77%<\/li>\n<li>Julio: 27,65%<\/li>\n<li>Agosto: 27,74%<\/li>\n<li>Septiembre: 27,36%<\/li>\n<li>Octubre: 26,53%<\/li>\n<\/ul>\n","protected":false},"excerpt":{"rendered":"<p>Se formalizaron los nuevos valores del haber m\u00ednimo, tras la falta de acuerdo en la \u00faltima reuni\u00f3n del Consejo. El SMVM aument\u00f3 menos que la mitad de la inflaci\u00f3n &nbsp; &nbsp; El Gobierno oficializ\u00f3 los montos del Salario M\u00ednimo, Vital y M\u00f3vil (SMVM) entre noviembre y agosto del a\u00f1o pr\u00f3ximo, con porcentajes decrecientes que, al menos para el mes pasado, ser\u00e1n inferiores a la inflaci\u00f3n prevista por la mayor\u00eda de la consultoras, profundizando el deterioro de los \u00faltimos a\u00f1os. La medida se plasm\u00f3 en la resoluci\u00f3n 9\/2025 del Consejo Nacional&#8230;<\/p>\n","protected":false},"author":3,"featured_media":123066,"comment_status":"closed","ping_status":"closed","sticky":false,"template":"","format":"standard","meta":[],"categories":[9],"tags":[],"_links":{"self":[{"href":"https:\/\/www.actualidadadiario.com\/index.php\/wp-json\/wp\/v2\/posts\/134324"}],"collection":[{"href":"https:\/\/www.actualidadadiario.com\/index.php\/wp-json\/wp\/v2\/posts"}],"about":[{"href":"https:\/\/www.actualidadadiario.com\/index.php\/wp-json\/wp\/v2\/types\/post"}],"author":[{"embeddable":true,"href":"https:\/\/www.actualidadadiario.com\/index.php\/wp-json\/wp\/v2\/users\/3"}],"replies":[{"embeddable":true,"href":"https:\/\/www.actualidadadiario.com\/index.php\/wp-json\/wp\/v2\/comments?post=134324"}],"version-history":[{"count":2,"href":"https:\/\/www.actualidadadiario.com\/index.php\/wp-json\/wp\/v2\/posts\/134324\/revisions"}],"predecessor-version":[{"id":134338,"href":"https:\/\/www.actualidadadiario.com\/index.php\/wp-json\/wp\/v2\/posts\/134324\/revisions\/134338"}],"wp:featuredmedia":[{"embeddable":true,"href":"https:\/\/www.actualidadadiario.com\/index.php\/wp-json\/wp\/v2\/media\/123066"}],"wp:attachment":[{"href":"https:\/\/www.actualidadadiario.com\/index.php\/wp-json\/wp\/v2\/media?parent=134324"}],"wp:term":[{"taxonomy":"category","embeddable":true,"href":"https:\/\/www.actualidadadiario.com\/index.php\/wp-json\/wp\/v2\/categories?post=134324"},{"taxonomy":"post_tag","embeddable":true,"href":"https:\/\/www.actualidadadiario.com\/index.php\/wp-json\/wp\/v2\/tags?post=134324"}],"curies":[{"name":"wp","href":"https:\/\/api.w.org\/{rel}","templated":true}]}}