{"id":134322,"date":"2025-12-03T09:23:10","date_gmt":"2025-12-03T12:23:10","guid":{"rendered":"https:\/\/www.actualidadadiario.com\/?p=134322"},"modified":"2025-12-03T09:23:10","modified_gmt":"2025-12-03T12:23:10","slug":"agmer-se-reune-en-congreso-este-jueves-2","status":"publish","type":"post","link":"https:\/\/www.actualidadadiario.com\/index.php\/2025\/12\/03\/agmer-se-reune-en-congreso-este-jueves-2\/","title":{"rendered":"Agmer se re\u00fane en congreso este jueves"},"content":{"rendered":"<p style=\"text-align: center;\"><em><strong>Seg\u00fan inform\u00f3 el gremio, a las 9 ser\u00e1 el turno de un congreso ordinario, al cual le seguir\u00e1 uno extraordinario a las 12<\/strong><\/em><\/p>\n<p>&nbsp;<\/p>\n<p>&nbsp;<\/p>\n<p>A pocos d\u00edas de que finalice el ciclo lectivo, la Asociaci\u00f3n Gremial del Magisterio de Entre R\u00edos \u2013Agmer\u2013 mantendr\u00e1 dos congresos consecutivos en San Salvador este jueves 4 de diciembre.<\/p>\n<p>Seg\u00fan inform\u00f3 el gremio, a las 9 ser\u00e1 el turno de un congreso ordinario, al cual le seguir\u00e1 uno extraordinario a las 12. De acuerdo al cronograma de actividades, el primero tendr\u00e1 m\u00e1s un car\u00e1cter formal -formar tribunales y otras cuestiones vinculadas a la burocracia interna del sindicato- mientras que el segundo llevar\u00e1 adelante un planteo m\u00e1s pol\u00edtico, relacionado con la coyuntura actual.<\/p>\n<p>Cabe destacar que los maestros tienen un acuerdo salarial vigente hasta fin de a\u00f1o. No obstante, han reiterado en varias ocasiones su intenci\u00f3n de reabrir el debate sobre sueldos y condiciones de trabajo antes de 2026, algo que parece poco probable.<\/p>\n","protected":false},"excerpt":{"rendered":"<p>Seg\u00fan inform\u00f3 el gremio, a las 9 ser\u00e1 el turno de un congreso ordinario, al cual le seguir\u00e1 uno extraordinario a las 12 &nbsp; &nbsp; A pocos d\u00edas de que finalice el ciclo lectivo, la Asociaci\u00f3n Gremial del Magisterio de Entre R\u00edos \u2013Agmer\u2013 mantendr\u00e1 dos congresos consecutivos en San Salvador este jueves 4 de diciembre. Seg\u00fan inform\u00f3 el gremio, a las 9 ser\u00e1 el turno de un congreso ordinario, al cual le seguir\u00e1 uno extraordinario a las 12. De acuerdo al cronograma de actividades, el primero tendr\u00e1 m\u00e1s un car\u00e1cter&#8230;<\/p>\n","protected":false},"author":3,"featured_media":120755,"comment_status":"closed","ping_status":"closed","sticky":false,"template":"","format":"standard","meta":[],"categories":[15],"tags":[],"_links":{"self":[{"href":"https:\/\/www.actualidadadiario.com\/index.php\/wp-json\/wp\/v2\/posts\/134322"}],"collection":[{"href":"https:\/\/www.actualidadadiario.com\/index.php\/wp-json\/wp\/v2\/posts"}],"about":[{"href":"https:\/\/www.actualidadadiario.com\/index.php\/wp-json\/wp\/v2\/types\/post"}],"author":[{"embeddable":true,"href":"https:\/\/www.actualidadadiario.com\/index.php\/wp-json\/wp\/v2\/users\/3"}],"replies":[{"embeddable":true,"href":"https:\/\/www.actualidadadiario.com\/index.php\/wp-json\/wp\/v2\/comments?post=134322"}],"version-history":[{"count":1,"href":"https:\/\/www.actualidadadiario.com\/index.php\/wp-json\/wp\/v2\/posts\/134322\/revisions"}],"predecessor-version":[{"id":134323,"href":"https:\/\/www.actualidadadiario.com\/index.php\/wp-json\/wp\/v2\/posts\/134322\/revisions\/134323"}],"wp:featuredmedia":[{"embeddable":true,"href":"https:\/\/www.actualidadadiario.com\/index.php\/wp-json\/wp\/v2\/media\/120755"}],"wp:attachment":[{"href":"https:\/\/www.actualidadadiario.com\/index.php\/wp-json\/wp\/v2\/media?parent=134322"}],"wp:term":[{"taxonomy":"category","embeddable":true,"href":"https:\/\/www.actualidadadiario.com\/index.php\/wp-json\/wp\/v2\/categories?post=134322"},{"taxonomy":"post_tag","embeddable":true,"href":"https:\/\/www.actualidadadiario.com\/index.php\/wp-json\/wp\/v2\/tags?post=134322"}],"curies":[{"name":"wp","href":"https:\/\/api.w.org\/{rel}","templated":true}]}}