{"id":134320,"date":"2025-12-03T09:22:24","date_gmt":"2025-12-03T12:22:24","guid":{"rendered":"https:\/\/www.actualidadadiario.com\/?p=134320"},"modified":"2025-12-03T09:22:24","modified_gmt":"2025-12-03T12:22:24","slug":"ministros-exponen-en-el-senado-sobre-el-proyecto-de-presupuesto","status":"publish","type":"post","link":"https:\/\/www.actualidadadiario.com\/index.php\/2025\/12\/03\/ministros-exponen-en-el-senado-sobre-el-proyecto-de-presupuesto\/","title":{"rendered":"Ministros exponen en el Senado sobre el proyecto de Presupuesto"},"content":{"rendered":"<p style=\"text-align: center;\"><em><strong>Este mi\u00e9rcoles la C\u00e1mara de Senadores de la provincia analizar\u00e1 en comisi\u00f3n el proyecto por el que se establece el Presupuesto General de la Administraci\u00f3n para el Ejercicio 2026, que cuenta con media sanci\u00f3n de la C\u00e1mara de Diputados. Est\u00e1n convocados los ministros de Hacienda y Finanzas, de Salud, de Desarrollo Humano, y de Planeamiento, Infraestructura y Servicios<\/strong><\/em><\/p>\n<p>&nbsp;<\/p>\n<p>&nbsp;<\/p>\n<p>Este mi\u00e9rcoles a las 9 se reunir\u00e1n en el recinto los senadores que integran la Comisi\u00f3n de Presupuesto y Hacienda para abordar el Proyecto de Presupuesto General de la Administraci\u00f3n para el Ejercicio 2026.<\/p>\n<p>Tal como sucedi\u00f3 en\u00a0 el debate previo que se dio en Diputados, fueron convocados distintos funcionarios para brindar detalles de la iniciativa.<\/p>\n<p>A las 9 es el turno del ministro de Salud, Daniel Blanzaco, mientras que a las 9:45 la ministra de Desarrollo Humano, Ver\u00f3nica Berisso, evacuar\u00e1 dudas sobre las partidas para el \u00e1rea.<\/p>\n<p>En tanto, a las 10:30 ser\u00e1 el turno del ministro de Planeamiento, Infraestructura y Servicios, Dar\u00edo Schneider, y a las 11:15 se har\u00e1 presente el ministro de Hacienda y Finanzas, Fabi\u00e1n Boleas.<\/p>\n<p>&nbsp;<\/p>\n<p><strong>Otro tema<\/strong><\/p>\n<p>Los senadores de la comisi\u00f3n tambi\u00e9n abordar\u00e1n el proyecto por el cual se condona la deuda por Impuesto Inmobiliario Provincial de los inmuebles que fueran donados por titulares registrales de car\u00e1cter privado a Municipios o Comunas de Entre R\u00edos.<\/p>\n","protected":false},"excerpt":{"rendered":"<p>Este mi\u00e9rcoles la C\u00e1mara de Senadores de la provincia analizar\u00e1 en comisi\u00f3n el proyecto por el que se establece el Presupuesto General de la Administraci\u00f3n para el Ejercicio 2026, que cuenta con media sanci\u00f3n de la C\u00e1mara de Diputados. Est\u00e1n convocados los ministros de Hacienda y Finanzas, de Salud, de Desarrollo Humano, y de Planeamiento, Infraestructura y Servicios &nbsp; &nbsp; Este mi\u00e9rcoles a las 9 se reunir\u00e1n en el recinto los senadores que integran la Comisi\u00f3n de Presupuesto y Hacienda para abordar el Proyecto de Presupuesto General de la Administraci\u00f3n&#8230;<\/p>\n","protected":false},"author":3,"featured_media":123894,"comment_status":"closed","ping_status":"closed","sticky":false,"template":"","format":"standard","meta":[],"categories":[15],"tags":[],"_links":{"self":[{"href":"https:\/\/www.actualidadadiario.com\/index.php\/wp-json\/wp\/v2\/posts\/134320"}],"collection":[{"href":"https:\/\/www.actualidadadiario.com\/index.php\/wp-json\/wp\/v2\/posts"}],"about":[{"href":"https:\/\/www.actualidadadiario.com\/index.php\/wp-json\/wp\/v2\/types\/post"}],"author":[{"embeddable":true,"href":"https:\/\/www.actualidadadiario.com\/index.php\/wp-json\/wp\/v2\/users\/3"}],"replies":[{"embeddable":true,"href":"https:\/\/www.actualidadadiario.com\/index.php\/wp-json\/wp\/v2\/comments?post=134320"}],"version-history":[{"count":1,"href":"https:\/\/www.actualidadadiario.com\/index.php\/wp-json\/wp\/v2\/posts\/134320\/revisions"}],"predecessor-version":[{"id":134321,"href":"https:\/\/www.actualidadadiario.com\/index.php\/wp-json\/wp\/v2\/posts\/134320\/revisions\/134321"}],"wp:featuredmedia":[{"embeddable":true,"href":"https:\/\/www.actualidadadiario.com\/index.php\/wp-json\/wp\/v2\/media\/123894"}],"wp:attachment":[{"href":"https:\/\/www.actualidadadiario.com\/index.php\/wp-json\/wp\/v2\/media?parent=134320"}],"wp:term":[{"taxonomy":"category","embeddable":true,"href":"https:\/\/www.actualidadadiario.com\/index.php\/wp-json\/wp\/v2\/categories?post=134320"},{"taxonomy":"post_tag","embeddable":true,"href":"https:\/\/www.actualidadadiario.com\/index.php\/wp-json\/wp\/v2\/tags?post=134320"}],"curies":[{"name":"wp","href":"https:\/\/api.w.org\/{rel}","templated":true}]}}