{"id":134312,"date":"2025-12-03T09:19:40","date_gmt":"2025-12-03T12:19:40","guid":{"rendered":"https:\/\/www.actualidadadiario.com\/?p=134312"},"modified":"2025-12-03T09:19:40","modified_gmt":"2025-12-03T12:19:40","slug":"diputados-dio-dictamen-al-proyecto-para-otorgar-caracter-permanente-a-la-mesa-de-politicas-alimentarias","status":"publish","type":"post","link":"https:\/\/www.actualidadadiario.com\/index.php\/2025\/12\/03\/diputados-dio-dictamen-al-proyecto-para-otorgar-caracter-permanente-a-la-mesa-de-politicas-alimentarias\/","title":{"rendered":"Diputados dio dictamen al proyecto para otorgar car\u00e1cter permanente a la mesa de pol\u00edticas alimentarias"},"content":{"rendered":"<p style=\"text-align: center;\"><em><strong>La ministra de Desarrollo Humano de la provincia, Ver\u00f3nica Berisso, particip\u00f3 de la reuni\u00f3n de comisi\u00f3n de Desarrollo Social donde se emiti\u00f3 dictamen sobre el proyecto de ley que otorga car\u00e1cter de permanente a la \u2018Mesa de Di\u00e1logo Social\u2019, desde la que se articulan pol\u00edticas de seguridad alimentaria y nutricional<\/strong><\/em><\/p>\n<p>&nbsp;<\/p>\n<p>&nbsp;<\/p>\n<p>El martes se reunieron distintas comisiones de la C\u00e1mara de Diputados provincial. La comisi\u00f3n de Desarrollo Social se reuni\u00f3 para emitir dictamen sobre el proyecto que otorga continuidad legal a la Mesa de Di\u00e1logo Social surgida de la Ley de Emergencia Alimentaria. La de Cultura y Turismo hizo lo propio sobre el proyecto que declara monumento hist\u00f3rico a la Estancia \u2018La Florida\u2019, en departamento Federaci\u00f3n, mientras que en Hacienda se alcanz\u00f3 dictamen para la creaci\u00f3n de cincuenta cargos de agentes penitenciarios y quince cargos de oficial subadjutor, para la Direcci\u00f3n General del Servicio Penitenciario. Adem\u00e1s, se estudiaron iniciativas sobre el ciberacoso escolar, sobre formaci\u00f3n en salud mental y consumos problem\u00e1ticos y sobre emergencia para pymes.<\/p>\n<p>&nbsp;<\/p>\n<p><strong>Desarrollo Social<\/strong><\/p>\n<p>Berisso estuvo presente en la reuni\u00f3n de la comisi\u00f3n de Desarrollo Social, que emiti\u00f3 dictamen sobre el proyecto de ley que otorga car\u00e1cter de permanente a la \u2018Mesa de Di\u00e1logo Social\u2019.<\/p>\n<p>El espacio, integrado de forma plural por el Estado provincial, municipios y comunas, organizaciones sociales, movimientos de la econom\u00eda popular e instituciones acad\u00e9micas, fue creado por Ley N\u00ba 11.140 de Emergencia Alimentaria, cuya vigencia expirar\u00e1 el pr\u00f3ximo 31 de diciembre.<\/p>\n<p>La presidente de la comisi\u00f3n y autora del proyecto, diputada Carolina Streitenberger, asegur\u00f3 que la norma pretende \u201cinstitucionalizar un espacio que surgi\u00f3 en el marco de una declaraci\u00f3n de emergencia\u201d y que la experiencia de funcionamiento \u201cha demostrado la necesidad de dotarla de un marco legal estable y permanente que asegure su continuidad institucional\u201d.<\/p>\n<p>&nbsp;<\/p>\n<p><strong>Cultura y Turismo<\/strong><\/p>\n<p>La comisi\u00f3n de Cultura y Turismo, a cargo del diputado Mauro Godein, estudi\u00f3 dos proyectos de ley. Sobre el primero emiti\u00f3 dictamen y refiere a declarar Monumento Hist\u00f3rico y Patrimonio Arquitect\u00f3nico Provincial al predio y edificios que conforman el casco de la actual Estancia \u2018La Florida\u2019, ubicada en Colonia La Florida, del departamento Federaci\u00f3n. La autora de la iniciativa, diputada Gabriela Lena, marc\u00f3 la oportunidad de \u201cpreservar el valor arquitect\u00f3nico e hist\u00f3rico de lo que fue la primera colonia rural de la provincia, llamada \u2018Gobernador Laurencena Colonia Oficial N\u00ba 1\u2019.<\/p>\n<p>Para el segundo expediente, la comisi\u00f3n recibi\u00f3 a representantes del Club Atl\u00e9tico Arsenal, de la ciudad de Viale, quienes contaron ante los legisladores de qu\u00e9 se trata el \u2018Festival con sabor a pollo\u2019 celebrado en el mes de febrero desde el a\u00f1o 2021, y porqu\u00e9 aspiran a que la C\u00e1mara le otorgue denominaci\u00f3n de fiesta provincial. La propuesta surge del expediente N\u00ba 28.720, autor\u00eda de la diputada Andrea Zoff, quien cont\u00f3 que \u201cla fiesta naci\u00f3 como iniciativa de un grupo de dirigentes del club vialense, quienes, en coordinaci\u00f3n con una firma local, buscaron visibilizar y poner en valor un producto emblem\u00e1tico de la regi\u00f3n, promoviendo su oferta en diversas preparaciones culinarias\u201d.<\/p>\n<p>&nbsp;<\/p>\n<p><strong>Conjunta de Educaci\u00f3n, Ciencia y Tecnolog\u00eda y Desarrollo Social<\/strong><\/p>\n<p>La comisi\u00f3n de Educaci\u00f3n, Ciencia y Tecnolog\u00eda, conducida por el diputado L\u00e9nico Aranda, en conjunto con la de Desarrollo Social, a cargo de la diputada Carolina Streitenberger, avanzaron en el estudio de un proyecto de ley de prevenci\u00f3n integral del acoso escolar y ciberacoso en la provincia de Entre R\u00edos y en el R\u00e9gimen de Corresponsabilidad Familiar.<\/p>\n<p>Participaron como invitados la coordinadora de Educaci\u00f3n Sexual Integral (ESI) y Pol\u00edticas de Cuidado del Consejo General de Educaci\u00f3n (CGE), Florentina L\u00f3pez; la especialista en ESI, Celeste Ram\u00edrez; el Comisario de la Divisi\u00f3n Ciberdelitos, Ariel Escobar; y el director de Educaci\u00f3n Secundaria del CGE, Omar Osuna, quienes coincidieron en la necesidad de ahondar en pol\u00edticas que apunten a la prevenci\u00f3n del bullying, acoso y otras formas de violencia.<\/p>\n<p>&nbsp;<\/p>\n<p><strong>Educaci\u00f3n, Ciencia y Tecnolog\u00eda<\/strong><\/p>\n<p>La diputada Silvia Moreno es autora del proyecto de ley, tratado por la comisi\u00f3n de Educaci\u00f3n, Ciencia y Tecnolog\u00eda, que aspira a garantizar para estudiantes de distintos niveles educativos el derecho a recibir formaci\u00f3n integral y continua en materia de salud mental y consumos problem\u00e1ticos. La autora del Expediente N\u00ba 28.363 expres\u00f3 que la letra del proyecto aspira a incorporar \u201cespacios curriculares espec\u00edficos o m\u00f3dulos interdisciplinarios destinados al abordaje de la educaci\u00f3n integral en salud mental y adicciones, pudiendo integrarse de forma transversal o como asignatura propia\u201d.<\/p>\n<p>&nbsp;<\/p>\n<p><strong>Hacienda, Presupuesto y Cuentas<\/strong><\/p>\n<p>La comisi\u00f3n presidida por el diputado Bruno Sarubi se reuni\u00f3 para emitir dictamen en el proyecto de ley venido desde el Poder Ejecutivo, por el que se crean cincuenta cargos de agentes penitenciarios y quince cargos de oficial subadjutor de escalaf\u00f3n cuerpo general personal seguridad, en jurisdicci\u00f3n del Servicio Penitenciario de la Provincia de Entre R\u00edos. Para el dictamen se consider\u00f3 el aporte de funcionarios del Servicio Penitenciario de Entre R\u00edos, director general Alejandro Miotti, y del inspector general Juan Santiago Garc\u00eda, quienes participaron del trabajo en comisi\u00f3n.<\/p>\n<p>Asimismo, se consider\u00f3 el Expediente N\u00ba 28.764, de autor\u00eda de la diputada Andrea Zoff, que declara la emergencia para las micro y peque\u00f1as empresas de Entre R\u00edos. La autora indic\u00f3 que \u201cen el \u00faltimo a\u00f1o y medio se perdieron once mil puestos de trabajo en 570 empresas que cerraron, la gran mayor\u00eda de ellas son pymes. El proyecto considera medidas y beneficios por el per\u00edodo de un a\u00f1o, para afrontar la crisis; beneficios referidos a alivio fiscal, reducci\u00f3n de impuestos a los ingresos brutos y automotor, por ejemplo; a cambio, las empresas deber\u00e1n mantener la planta de personal\u201d, asegur\u00f3 la diputada.<\/p>\n","protected":false},"excerpt":{"rendered":"<p>La ministra de Desarrollo Humano de la provincia, Ver\u00f3nica Berisso, particip\u00f3 de la reuni\u00f3n de comisi\u00f3n de Desarrollo Social donde se emiti\u00f3 dictamen sobre el proyecto de ley que otorga car\u00e1cter de permanente a la \u2018Mesa de Di\u00e1logo Social\u2019, desde la que se articulan pol\u00edticas de seguridad alimentaria y nutricional &nbsp; &nbsp; El martes se reunieron distintas comisiones de la C\u00e1mara de Diputados provincial. La comisi\u00f3n de Desarrollo Social se reuni\u00f3 para emitir dictamen sobre el proyecto que otorga continuidad legal a la Mesa de Di\u00e1logo Social surgida de la&#8230;<\/p>\n","protected":false},"author":3,"featured_media":134313,"comment_status":"closed","ping_status":"closed","sticky":false,"template":"","format":"standard","meta":[],"categories":[15],"tags":[],"_links":{"self":[{"href":"https:\/\/www.actualidadadiario.com\/index.php\/wp-json\/wp\/v2\/posts\/134312"}],"collection":[{"href":"https:\/\/www.actualidadadiario.com\/index.php\/wp-json\/wp\/v2\/posts"}],"about":[{"href":"https:\/\/www.actualidadadiario.com\/index.php\/wp-json\/wp\/v2\/types\/post"}],"author":[{"embeddable":true,"href":"https:\/\/www.actualidadadiario.com\/index.php\/wp-json\/wp\/v2\/users\/3"}],"replies":[{"embeddable":true,"href":"https:\/\/www.actualidadadiario.com\/index.php\/wp-json\/wp\/v2\/comments?post=134312"}],"version-history":[{"count":1,"href":"https:\/\/www.actualidadadiario.com\/index.php\/wp-json\/wp\/v2\/posts\/134312\/revisions"}],"predecessor-version":[{"id":134314,"href":"https:\/\/www.actualidadadiario.com\/index.php\/wp-json\/wp\/v2\/posts\/134312\/revisions\/134314"}],"wp:featuredmedia":[{"embeddable":true,"href":"https:\/\/www.actualidadadiario.com\/index.php\/wp-json\/wp\/v2\/media\/134313"}],"wp:attachment":[{"href":"https:\/\/www.actualidadadiario.com\/index.php\/wp-json\/wp\/v2\/media?parent=134312"}],"wp:term":[{"taxonomy":"category","embeddable":true,"href":"https:\/\/www.actualidadadiario.com\/index.php\/wp-json\/wp\/v2\/categories?post=134312"},{"taxonomy":"post_tag","embeddable":true,"href":"https:\/\/www.actualidadadiario.com\/index.php\/wp-json\/wp\/v2\/tags?post=134312"}],"curies":[{"name":"wp","href":"https:\/\/api.w.org\/{rel}","templated":true}]}}