{"id":134307,"date":"2025-12-03T09:16:35","date_gmt":"2025-12-03T12:16:35","guid":{"rendered":"https:\/\/www.actualidadadiario.com\/?p=134307"},"modified":"2025-12-03T09:16:35","modified_gmt":"2025-12-03T12:16:35","slug":"el-epre-aprobo-la-nueva-tarifa-electrica-para-diciembre-con-la-prorroga-del-subsidio-provincial","status":"publish","type":"post","link":"https:\/\/www.actualidadadiario.com\/index.php\/2025\/12\/03\/el-epre-aprobo-la-nueva-tarifa-electrica-para-diciembre-con-la-prorroga-del-subsidio-provincial\/","title":{"rendered":"El EPRE aprob\u00f3 la nueva tarifa el\u00e9ctrica para diciembre con la pr\u00f3rroga del subsidio provincial"},"content":{"rendered":"<p style=\"text-align: center;\"><em><strong>El interventor del Ente Regulador, Marcos Rodr\u00edguez Allende, firm\u00f3 la Resoluci\u00f3n N\u00b0 220\/25, que establece los precios del cuadro tarifario en Entre R\u00edos y mantiene la ayuda a usuarios de bajos ingresos hasta fin de a\u00f1o<\/strong><\/em><\/p>\n<p>&nbsp;<\/p>\n<p>&nbsp;<\/p>\n<p>El Ente Provincial Regulador de la Energ\u00eda (EPRE) de Entre R\u00edos ha dado luz verde al nuevo cuadro tarifario que aplicar\u00e1n las distribuidoras, incluida ENERSA, a partir de diciembre de 2025.<\/p>\n<p>La decisi\u00f3n, publicada en el Bolet\u00edn Oficial N\u00ba 28.228, confirma el traslado a los usuarios de los nuevos y m\u00e1s altos precios de la energ\u00eda a nivel mayorista dispuestos por la Naci\u00f3n, un ajuste que se reflejar\u00e1 en las pr\u00f3ximas facturas.<\/p>\n<p>&nbsp;<\/p>\n<p><strong>\u00bfDe cu\u00e1nto es el incremento?<\/strong><\/p>\n<p>Es crucial entender que la Resoluci\u00f3n no especifica un porcentaje de aumento fijo aplicable a todos los usuarios por igual. En cambio, lo que hace es aprobar los nuevos costos que componen la tarifa:<\/p>\n<ol>\n<li><strong> Ajuste de Costos Mayoristas (Naci\u00f3n):<\/strong> El EPRE acepta incorporar los valores actualizados de la energ\u00eda, potencia y transporte definidos por la Secretar\u00eda de Energ\u00eda de la Naci\u00f3n. Este es el componente que impulsa el alza.<\/li>\n<li><strong> El Impacto Final:<\/strong> El incremento real que percibir\u00e1 el usuario depender\u00e1 de su nivel de consumo y de su categor\u00eda tarifaria. El porcentaje espec\u00edfico de suba est\u00e1 contenido en el Anexo que acompa\u00f1a la resoluci\u00f3n, que detalla los valores por kWh y por cargo fijo, pero que no es p\u00fablico en este extracto. Los usuarios deber\u00e1n esperar la nueva factura para cuantificar el impacto exacto.<\/li>\n<\/ol>\n<p>&nbsp;<\/p>\n<p><strong>Subsidio: Pr\u00f3rroga y l\u00edmites<\/strong><\/p>\n<p>La \u00fanica buena noticia para una parte de los usuarios es que la Provincia decidi\u00f3 prorrogar un subsidio focalizado para diciembre. Esta ayuda est\u00e1 dirigida a los usuarios residenciales de Nivel 2 (bajos ingresos) y aten\u00faa el impacto del aumento nacional.<\/p>\n<p>El EPRE confirm\u00f3 la pr\u00f3rroga de la medida provincial para el \u00faltimo mes del a\u00f1o, \u201cque nuevamente y por Resoluci\u00f3n de la Secretar\u00eda de Energ\u00eda de la Provincia N\u00b0 508\/25 SE, se dispuso, Ad Refer\u00e9ndum del Poder Ejecutivo Provincial, la pr\u00f3rroga de las medidas adoptadas por Resoluci\u00f3n N\u00b0 248\/25 SE, para el mes de diciembre del corriente a\u00f1o\u201d.<\/p>\n<ul>\n<li>Monto y Tope: El beneficio es equivalente al 6% sobre el Valor Agregado de Distribuci\u00f3n (VAD), pero solo aplica hasta un tope m\u00e1ximo de consumo de 300 kWh\/mes.<\/li>\n<\/ul>\n<p>La resoluci\u00f3n exige que la ayuda se destaque en la boleta para los beneficiarios a trav\u00e9s de una leyenda destacada que indica \u201cTarifa Subsidiada por el Estado Provincial\u201d.<\/p>\n<p>&nbsp;<\/p>\n<p><strong>Clubes y entidades de bien p\u00fablico<\/strong><\/p>\n<p>En cuanto a las instituciones sociales, el EPRE ratific\u00f3 que las Entidades de Bien P\u00fablico, Clubes de Barrio y de Pueblo mantendr\u00e1n una tarifa subsidiada. El precio aplicado ser\u00e1 el correspondiente al consumo base de los usuarios residenciales del Nivel 2, para todo el volumen consumido, aunque sin el subsidio provincial del 6%.<\/p>\n","protected":false},"excerpt":{"rendered":"<p>El interventor del Ente Regulador, Marcos Rodr\u00edguez Allende, firm\u00f3 la Resoluci\u00f3n N\u00b0 220\/25, que establece los precios del cuadro tarifario en Entre R\u00edos y mantiene la ayuda a usuarios de bajos ingresos hasta fin de a\u00f1o &nbsp; &nbsp; El Ente Provincial Regulador de la Energ\u00eda (EPRE) de Entre R\u00edos ha dado luz verde al nuevo cuadro tarifario que aplicar\u00e1n las distribuidoras, incluida ENERSA, a partir de diciembre de 2025. La decisi\u00f3n, publicada en el Bolet\u00edn Oficial N\u00ba 28.228, confirma el traslado a los usuarios de los nuevos y m\u00e1s altos&#8230;<\/p>\n","protected":false},"author":3,"featured_media":88238,"comment_status":"closed","ping_status":"closed","sticky":false,"template":"","format":"standard","meta":[],"categories":[9],"tags":[],"_links":{"self":[{"href":"https:\/\/www.actualidadadiario.com\/index.php\/wp-json\/wp\/v2\/posts\/134307"}],"collection":[{"href":"https:\/\/www.actualidadadiario.com\/index.php\/wp-json\/wp\/v2\/posts"}],"about":[{"href":"https:\/\/www.actualidadadiario.com\/index.php\/wp-json\/wp\/v2\/types\/post"}],"author":[{"embeddable":true,"href":"https:\/\/www.actualidadadiario.com\/index.php\/wp-json\/wp\/v2\/users\/3"}],"replies":[{"embeddable":true,"href":"https:\/\/www.actualidadadiario.com\/index.php\/wp-json\/wp\/v2\/comments?post=134307"}],"version-history":[{"count":1,"href":"https:\/\/www.actualidadadiario.com\/index.php\/wp-json\/wp\/v2\/posts\/134307\/revisions"}],"predecessor-version":[{"id":134308,"href":"https:\/\/www.actualidadadiario.com\/index.php\/wp-json\/wp\/v2\/posts\/134307\/revisions\/134308"}],"wp:featuredmedia":[{"embeddable":true,"href":"https:\/\/www.actualidadadiario.com\/index.php\/wp-json\/wp\/v2\/media\/88238"}],"wp:attachment":[{"href":"https:\/\/www.actualidadadiario.com\/index.php\/wp-json\/wp\/v2\/media?parent=134307"}],"wp:term":[{"taxonomy":"category","embeddable":true,"href":"https:\/\/www.actualidadadiario.com\/index.php\/wp-json\/wp\/v2\/categories?post=134307"},{"taxonomy":"post_tag","embeddable":true,"href":"https:\/\/www.actualidadadiario.com\/index.php\/wp-json\/wp\/v2\/tags?post=134307"}],"curies":[{"name":"wp","href":"https:\/\/api.w.org\/{rel}","templated":true}]}}