{"id":134303,"date":"2025-12-02T10:19:54","date_gmt":"2025-12-02T13:19:54","guid":{"rendered":"https:\/\/www.actualidadadiario.com\/?p=134303"},"modified":"2025-12-02T10:19:54","modified_gmt":"2025-12-02T13:19:54","slug":"alejandra-monteoliva-asume-como-ministra-de-seguridad","status":"publish","type":"post","link":"https:\/\/www.actualidadadiario.com\/index.php\/2025\/12\/02\/alejandra-monteoliva-asume-como-ministra-de-seguridad\/","title":{"rendered":"Alejandra Monteoliva asume como ministra de Seguridad"},"content":{"rendered":"<p style=\"text-align: center;\"><em><strong>El presidente Javier Milei le tomar\u00e1 juramento este martes a la nueva ministra de Seguridad<\/strong><\/em><\/p>\n<p>&nbsp;<\/p>\n<p>&nbsp;<\/p>\n<p>La designada ministra de Seguridad, Alejandra Monteoliva, jurar\u00e1 este martes para ocupar el cargo de ministra de Seguridad que deja Patricia Bullrich, quien ya asumi\u00f3 como senadora nacional por La Libertad Avanza (LLA).<\/p>\n<p>Monteoliva confirm\u00f3 su salida de la Secretar\u00eda de Seguridad a trav\u00e9s de un mensaje publicado en redes sociales. &#8220;Present\u00e9 mi renuncia a la Secretar\u00eda de Seguridad para asumir ma\u00f1ana como Ministra de Seguridad Nacional. Agradezco al presidente Javier Milei por la confianza y a Bullrich por el liderazgo y el camino compartido&#8221;, expres\u00f3 este lunes.<\/p>\n<p>Adem\u00e1s, destac\u00f3 la l\u00ednea de trabajo que heredar\u00e1 de su antecesora. Seg\u00fan Monteoliva, la doctrina encabezada por Bullrich basada en \u201creglas claras, profesionalismo y presencia en el territorio marc\u00f3 un rumbo que vamos a sostener y fortalecer\u201d. Y agreg\u00f3: \u201cAsumo esta nueva responsabilidad con compromiso, continuidad y vocaci\u00f3n de servicio\u201d.<\/p>\n<p>Bullrich, por su parte, present\u00f3 formalmente su renuncia el domingo mediante una carta dirigida al presidente Javier Milei, como parte del procedimiento previo a su asunci\u00f3n en el Senado el pr\u00f3ximo 10 de diciembre.<\/p>\n<p>En X, la ya exministra agradeci\u00f3 el respaldo presidencial para \u201csostener y ejecutar la doctrina de seguridad y orden que hoy prevalece en el pa\u00eds&#8221;. Tambi\u00e9n remarc\u00f3 que recibi\u00f3 \u201cel mandato claro\u201d de \u201ccuidar a los argentinos, cuidar a quienes nos cuidan, enfrentar al crimen con decisi\u00f3n y recuperar el orden en las calles\u201d, y expres\u00f3 su gratitud hacia el equipo que la acompa\u00f1\u00f3 durante su gesti\u00f3n.<\/p>\n<p>&nbsp;<\/p>\n<p><strong>Qui\u00e9n es Alejandra Monteoliva<\/strong><\/p>\n<p>Alejandra Monteoliva es una especialista en gesti\u00f3n de pol\u00edticas de seguridad con trayectoria en \u00e1reas de seguridad provincial y experiencia en coordinaci\u00f3n de fuerzas. Hasta ahora se desempe\u00f1aba como secretaria de Seguridad de la Naci\u00f3n y previamente estuvo al frente de organismos vinculados a la planificaci\u00f3n estrat\u00e9gica en materia de seguridad. Este martes 2 de diciembre asume como ministra de Seguridad.<\/p>\n","protected":false},"excerpt":{"rendered":"<p>El presidente Javier Milei le tomar\u00e1 juramento este martes a la nueva ministra de Seguridad &nbsp; &nbsp; La designada ministra de Seguridad, Alejandra Monteoliva, jurar\u00e1 este martes para ocupar el cargo de ministra de Seguridad que deja Patricia Bullrich, quien ya asumi\u00f3 como senadora nacional por La Libertad Avanza (LLA). Monteoliva confirm\u00f3 su salida de la Secretar\u00eda de Seguridad a trav\u00e9s de un mensaje publicado en redes sociales. &#8220;Present\u00e9 mi renuncia a la Secretar\u00eda de Seguridad para asumir ma\u00f1ana como Ministra de Seguridad Nacional. Agradezco al presidente Javier Milei por&#8230;<\/p>\n","protected":false},"author":3,"featured_media":134304,"comment_status":"closed","ping_status":"closed","sticky":false,"template":"","format":"standard","meta":[],"categories":[18],"tags":[],"_links":{"self":[{"href":"https:\/\/www.actualidadadiario.com\/index.php\/wp-json\/wp\/v2\/posts\/134303"}],"collection":[{"href":"https:\/\/www.actualidadadiario.com\/index.php\/wp-json\/wp\/v2\/posts"}],"about":[{"href":"https:\/\/www.actualidadadiario.com\/index.php\/wp-json\/wp\/v2\/types\/post"}],"author":[{"embeddable":true,"href":"https:\/\/www.actualidadadiario.com\/index.php\/wp-json\/wp\/v2\/users\/3"}],"replies":[{"embeddable":true,"href":"https:\/\/www.actualidadadiario.com\/index.php\/wp-json\/wp\/v2\/comments?post=134303"}],"version-history":[{"count":1,"href":"https:\/\/www.actualidadadiario.com\/index.php\/wp-json\/wp\/v2\/posts\/134303\/revisions"}],"predecessor-version":[{"id":134305,"href":"https:\/\/www.actualidadadiario.com\/index.php\/wp-json\/wp\/v2\/posts\/134303\/revisions\/134305"}],"wp:featuredmedia":[{"embeddable":true,"href":"https:\/\/www.actualidadadiario.com\/index.php\/wp-json\/wp\/v2\/media\/134304"}],"wp:attachment":[{"href":"https:\/\/www.actualidadadiario.com\/index.php\/wp-json\/wp\/v2\/media?parent=134303"}],"wp:term":[{"taxonomy":"category","embeddable":true,"href":"https:\/\/www.actualidadadiario.com\/index.php\/wp-json\/wp\/v2\/categories?post=134303"},{"taxonomy":"post_tag","embeddable":true,"href":"https:\/\/www.actualidadadiario.com\/index.php\/wp-json\/wp\/v2\/tags?post=134303"}],"curies":[{"name":"wp","href":"https:\/\/api.w.org\/{rel}","templated":true}]}}