{"id":134300,"date":"2025-12-02T10:18:42","date_gmt":"2025-12-02T13:18:42","guid":{"rendered":"https:\/\/www.actualidadadiario.com\/?p=134300"},"modified":"2025-12-02T10:18:42","modified_gmt":"2025-12-02T13:18:42","slug":"santilli-se-reune-hoy-con-peter-lamelas-en-casa-rosada","status":"publish","type":"post","link":"https:\/\/www.actualidadadiario.com\/index.php\/2025\/12\/02\/santilli-se-reune-hoy-con-peter-lamelas-en-casa-rosada\/","title":{"rendered":"Santilli se re\u00fane hoy con Peter Lamelas en Casa Rosada"},"content":{"rendered":"<p style=\"text-align: center;\"><em><strong>El ministro del Interior recibir\u00e1 al diplom\u00e1tico en medio de las negociaciones por el Presupuesto y las distintas reformas<\/strong><\/em><\/p>\n<p>&nbsp;<\/p>\n<p>&nbsp;<\/p>\n<p>El ministro del Interior, Diego Santilli, se reunir\u00e1 este martes a las 10.30 en la Casa Rosada con el embajador de Estados Unidos en la Argentina, Peter Lamelas.<\/p>\n<p>As\u00ed lo confirmaron fuentes oficiales, que evitaron adelantar el temario de la reuni\u00f3n.<\/p>\n<p>De todos modos se descuenta que el acuerdo comercial con Estados Unidos estar\u00e1 sobre la mesa.<\/p>\n<p>Lamelas hab\u00eda se\u00f1alado el mes pasado que el acuerdo comercial por los presidentes Donald Trump y Javier Milei es \u201chist\u00f3rico\u201d y destac\u00f3 la proximidad y acompa\u00f1amiento entre ambos pa\u00edses.<\/p>\n<p>\u201cEl gobierno de los Estados Unidos est\u00e1 convencido de la importancia de acompa\u00f1ar el crecimiento de la Argentina\u201d, afirm\u00f3 Lamelas.<\/p>\n<p>Estados Unidos y Argentina alcanzaron un Marco de Acuerdo de Comercio Rec\u00edproco e Inversi\u00f3n.<\/p>\n<p>\u201cEste acuerdo crea las condiciones para incrementar las inversiones de Estados Unidos en Argentina. Es una clara se\u00f1al de que la Argentina est\u00e1 abierta a nuevas oportunidades comerciales y traza una trayectoria de crecimiento para ambos pa\u00edses\u201d, se\u00f1al\u00f3 la Embajada de Estados Unidos en Argentina, en un comunicado.<\/p>\n","protected":false},"excerpt":{"rendered":"<p>El ministro del Interior recibir\u00e1 al diplom\u00e1tico en medio de las negociaciones por el Presupuesto y las distintas reformas &nbsp; &nbsp; El ministro del Interior, Diego Santilli, se reunir\u00e1 este martes a las 10.30 en la Casa Rosada con el embajador de Estados Unidos en la Argentina, Peter Lamelas. As\u00ed lo confirmaron fuentes oficiales, que evitaron adelantar el temario de la reuni\u00f3n. De todos modos se descuenta que el acuerdo comercial con Estados Unidos estar\u00e1 sobre la mesa. Lamelas hab\u00eda se\u00f1alado el mes pasado que el acuerdo comercial por los&#8230;<\/p>\n","protected":false},"author":3,"featured_media":134301,"comment_status":"closed","ping_status":"closed","sticky":false,"template":"","format":"standard","meta":[],"categories":[18],"tags":[],"_links":{"self":[{"href":"https:\/\/www.actualidadadiario.com\/index.php\/wp-json\/wp\/v2\/posts\/134300"}],"collection":[{"href":"https:\/\/www.actualidadadiario.com\/index.php\/wp-json\/wp\/v2\/posts"}],"about":[{"href":"https:\/\/www.actualidadadiario.com\/index.php\/wp-json\/wp\/v2\/types\/post"}],"author":[{"embeddable":true,"href":"https:\/\/www.actualidadadiario.com\/index.php\/wp-json\/wp\/v2\/users\/3"}],"replies":[{"embeddable":true,"href":"https:\/\/www.actualidadadiario.com\/index.php\/wp-json\/wp\/v2\/comments?post=134300"}],"version-history":[{"count":1,"href":"https:\/\/www.actualidadadiario.com\/index.php\/wp-json\/wp\/v2\/posts\/134300\/revisions"}],"predecessor-version":[{"id":134302,"href":"https:\/\/www.actualidadadiario.com\/index.php\/wp-json\/wp\/v2\/posts\/134300\/revisions\/134302"}],"wp:featuredmedia":[{"embeddable":true,"href":"https:\/\/www.actualidadadiario.com\/index.php\/wp-json\/wp\/v2\/media\/134301"}],"wp:attachment":[{"href":"https:\/\/www.actualidadadiario.com\/index.php\/wp-json\/wp\/v2\/media?parent=134300"}],"wp:term":[{"taxonomy":"category","embeddable":true,"href":"https:\/\/www.actualidadadiario.com\/index.php\/wp-json\/wp\/v2\/categories?post=134300"},{"taxonomy":"post_tag","embeddable":true,"href":"https:\/\/www.actualidadadiario.com\/index.php\/wp-json\/wp\/v2\/tags?post=134300"}],"curies":[{"name":"wp","href":"https:\/\/api.w.org\/{rel}","templated":true}]}}