{"id":134295,"date":"2025-12-02T10:13:01","date_gmt":"2025-12-02T13:13:01","guid":{"rendered":"https:\/\/www.actualidadadiario.com\/?p=134295"},"modified":"2025-12-02T10:13:01","modified_gmt":"2025-12-02T13:13:01","slug":"adorni-y-bullrich-ratificaron-que-enviaran-al-congreso-el-proyecto-de-reforma-del-codigo-penal","status":"publish","type":"post","link":"https:\/\/www.actualidadadiario.com\/index.php\/2025\/12\/02\/adorni-y-bullrich-ratificaron-que-enviaran-al-congreso-el-proyecto-de-reforma-del-codigo-penal\/","title":{"rendered":"Adorni y Bullrich ratificaron que enviar\u00e1n al Congreso el proyecto de reforma del C\u00f3digo Penal"},"content":{"rendered":"<p style=\"text-align: center;\"><em><strong>El jefe de Gabinete y la ministra de Seguridad saliente reafirmaron que la iniciativa prev\u00e9 \u201cel agravamiento de penas\u201d. La baja de edad de imputabilidad contin\u00faa en la agenda del gobierno<\/strong><\/em><\/p>\n<p>&nbsp;<\/p>\n<p>&nbsp;<\/p>\n<p>Aceitado y focalizado mientras la oposici\u00f3n peronista se debate en internas, el gobierno ratific\u00f3 este lunes que enviar\u00e1 \u201cen los pr\u00f3ximos d\u00edas\u201d al Congreso el proyecto de ley de reforma del C\u00f3digo Penal, que presentaron el presidente Milei y la entonces ministra de Seguridad Patricia Bullrich a principios de octubre.<\/p>\n<p>En esta ocasi\u00f3n, desde Casa Rosada, el jefe de Gabinete Manuel Adorni y la ministra de Seguridad saliente Patricia Bullrich afirmaron que la nueva composici\u00f3n del Congreso que se conformar\u00e1 a partir del 10 de diciembre tendr\u00e1 \u201cla misi\u00f3n hist\u00f3rica\u201d de tratar y aprobar esta reforma, que tiene entre sus caballos de batalla el agravamiento de penas.<\/p>\n<p>Seg\u00fan Bullrich, el nuevo C\u00f3digo Penal busca \u201cdar vuelta la realidad de cu\u00e1les eran los m\u00e1s favorecidos: los delincuentes, los violadores y los asesinos; que la Justicia llegue a tiempo y que haya cumplimiento efectivo de las penas\u201d.<\/p>\n<p>La ministra de Seguridad saliente y senadora electa se\u00f1al\u00f3 que el proyecto prev\u00e9 el \u201cagravamiento de las penas\u201d y que proteger\u00e1 a quienes cumplen \u201ctareas fundamentales\u201d, como \u201cel \u00e1mbito educativo, los chicos en las escuelas y las personas mayores\u201d.<\/p>\n<p>La todav\u00eda funcionaria tambi\u00e9n destac\u00f3 que el proyecto incorpora la figura de conducci\u00f3n imprudente \u2014reclamo hist\u00f3rico de la ONG Madres del Dolor\u2014, el abuso de armas y el concepto de leg\u00edtima defensa, donde \u201cla presunci\u00f3n va a estar siempre a favor de qui\u00e9n se defiende\u201d. Afirm\u00f3 que \u201clas v\u00edctimas van a tener una posibilidad de intervenir en todo momento\u201d y que, como consecuencia del nuevo C\u00f3digo, \u201cel 82% de los delitos van a ser con prisi\u00f3n efectiva\u201d. Remarc\u00f3 que \u201cest\u00e1 comprobado que los pa\u00edses que tienen penas fuertes bajan los delitos\u201d.<\/p>\n<p>&nbsp;<\/p>\n<p><strong>Intento de reformateo<\/strong><\/p>\n<p>De acuerdo a un comunicado del Ministerio de Justicia, la reforma endurece las penas para los delitos como los homicidios, robos, narcotr\u00e1fico, pornograf\u00eda infantil, y la trata de personas. Elimina la prescripci\u00f3n para los delitos graves como el abuso sexual y el homicidio agravado cuyo castigo \u201cno puede verse condicionado por el tiempo, porque implica un acto de injusticia con las v\u00edctimas\u201d.<\/p>\n<p>Seg\u00fan este ministerio, las condenas perpetuas no tendr\u00e1n l\u00edmite temporal. \u201cDe ese modo cuando se condene a un delincuente por homicidio agravado la prisi\u00f3n ser\u00e1 perpetua, es decir para toda la vida\u201d, afirm\u00f3 la cartera de Justicia. Tambi\u00e9n, el comunicado enarbol\u00f3 otro argumento esgrimido por el gobierno: asegura que el proyecto establece el cumplimiento efectivo de la pena \u201cen el 82% de los delitos\u201d.<\/p>\n<p>\u201cActualmente, cuando la pena no supera los tres a\u00f1os el delincuente no cumple con la condena. Con este nuevo c\u00f3digo, se elevan los m\u00ednimos de las penas evitando que los delincuentes sean liberados\u201d, ponder\u00f3 el ministerio.<\/p>\n<p>En octubre, con Milei, Bullrich brind\u00f3 m\u00e1s detalles del proyecto. Y en aquella ocasi\u00f3n, al detallar los casos de agravamiento de penas, marc\u00f3 que la iniciativa plantea una diferenciaci\u00f3n si la leg\u00edtima defensa la aplica un civil o personal de las fuerzas de seguridad: \u201cLo ampliamos al concepto de cumplimiento del deber para que los integrantes de las fuerzas de seguridad, cuando tienen que actuar en el marco de la ley y la constituci\u00f3n, est\u00e9n protegidos por este C\u00f3digo Penal y no terminen siendo victimarios\u201d, sostuvo.<\/p>\n<p>&nbsp;<\/p>\n<p><strong>\u00bfNueva doctrina?<\/strong><\/p>\n<p>\u00bfQu\u00e9 va a pasar con la baja de la edad de imputabilidad? En octubre, y con Milei a su lado, Bullrich sostuvo que ese tema \u201cva a ir aparte, pero entra para ser discutido como una totalidad del sistema penal y judicial argentino\u201d. Respecto a la edad, dijo: \u201cestamos planteando la reducci\u00f3n de la edad de imputabilidad a los 13 a\u00f1os\u201d.<\/p>\n<p>Este lunes, el Ministerio de Justicia asegur\u00f3: \u201cEl env\u00edo de este proyecto completa las reformas de forma y de fondo del sistema penal, que incluyen la implementaci\u00f3n del Sistema Acusatorio y la baja de la edad de imputabilidad\u201d. En otras palabras, la baja de la edad de imputabilidad contin\u00faa en la agenda de las reformas que el gobierno tiene en carpeta para el sistema penal.<\/p>\n<p>En el Congreso, m\u00e1s precisamente desde la C\u00e1mara de Diputados, el oficialismo intent\u00f3 en la primera mitad del a\u00f1o avanzar con proyectos para bajar la edad de imputabilidad, por ahora sin \u00e9xito. Habr\u00e1 que ver en esta nueva etapa legislativa c\u00f3mo reimpulsan la medida, con el desembarco de Bullrich como flamante senadora nacional.<\/p>\n<p>Adorni, por su parte, elogi\u00f3 a una de las primeras funcionarias del Pro que pas\u00f3 a las filas violetas. \u201cLa doctrina Bullrich vino para poner fin al r\u00e9gimen an\u00e1rquico que les ataba las manos a las fuerzas del orden\u201d, afirm\u00f3 entre otros cumplidos a \u201cPato\u201d, y destac\u00f3 que desde el 10 de diciembre esa misma doctrina \u201cser\u00e1 llevada al Congreso de la Naci\u00f3n, donde tendr\u00e1 la misi\u00f3n de aprobar los proyectos necesarios para que el pa\u00eds salga adelante\u201d.<\/p>\n<p>Tambi\u00e9n, Adorni subray\u00f3 que la reforma implica \u201cel fin de la doctrina zaffaronista, donde el victimario se convert\u00eda en v\u00edctima\u201d. Critic\u00f3 que el C\u00f3digo vigente \u201cest\u00e1 hecho a medida de los delincuentes\u201d, con condenas insuficientes y una \u201cpuerta giratoria\u201d que explica gran parte de los delitos. Y adelant\u00f3 que el proyecto buscar\u00e1 \u201cagravar todas las penas\u201d, incluir \u201cun castigo mayor para aquellos pol\u00edticos que delinquen en la funci\u00f3n p\u00fablica\u201d e incorporar que \u201clos delitos graves pasar\u00e1n a ser imprescriptibles\u201d.<\/p>\n<p>Son varios los puntos por tratar. El respaldo en las urnas y el recambio en el Congreso acercan al gobierno a un posible reformateo legal en materia de seguridad. Estar\u00e1 en la oposici\u00f3n y en las organizaciones de la sociedad civil analizar la \u201cletra chica\u201d del proyecto, y velar por las garant\u00edas democr\u00e1ticas.<\/p>\n","protected":false},"excerpt":{"rendered":"<p>El jefe de Gabinete y la ministra de Seguridad saliente reafirmaron que la iniciativa prev\u00e9 \u201cel agravamiento de penas\u201d. La baja de edad de imputabilidad contin\u00faa en la agenda del gobierno &nbsp; &nbsp; Aceitado y focalizado mientras la oposici\u00f3n peronista se debate en internas, el gobierno ratific\u00f3 este lunes que enviar\u00e1 \u201cen los pr\u00f3ximos d\u00edas\u201d al Congreso el proyecto de ley de reforma del C\u00f3digo Penal, que presentaron el presidente Milei y la entonces ministra de Seguridad Patricia Bullrich a principios de octubre. En esta ocasi\u00f3n, desde Casa Rosada, el&#8230;<\/p>\n","protected":false},"author":3,"featured_media":134296,"comment_status":"closed","ping_status":"closed","sticky":false,"template":"","format":"standard","meta":[],"categories":[18],"tags":[],"_links":{"self":[{"href":"https:\/\/www.actualidadadiario.com\/index.php\/wp-json\/wp\/v2\/posts\/134295"}],"collection":[{"href":"https:\/\/www.actualidadadiario.com\/index.php\/wp-json\/wp\/v2\/posts"}],"about":[{"href":"https:\/\/www.actualidadadiario.com\/index.php\/wp-json\/wp\/v2\/types\/post"}],"author":[{"embeddable":true,"href":"https:\/\/www.actualidadadiario.com\/index.php\/wp-json\/wp\/v2\/users\/3"}],"replies":[{"embeddable":true,"href":"https:\/\/www.actualidadadiario.com\/index.php\/wp-json\/wp\/v2\/comments?post=134295"}],"version-history":[{"count":1,"href":"https:\/\/www.actualidadadiario.com\/index.php\/wp-json\/wp\/v2\/posts\/134295\/revisions"}],"predecessor-version":[{"id":134297,"href":"https:\/\/www.actualidadadiario.com\/index.php\/wp-json\/wp\/v2\/posts\/134295\/revisions\/134297"}],"wp:featuredmedia":[{"embeddable":true,"href":"https:\/\/www.actualidadadiario.com\/index.php\/wp-json\/wp\/v2\/media\/134296"}],"wp:attachment":[{"href":"https:\/\/www.actualidadadiario.com\/index.php\/wp-json\/wp\/v2\/media?parent=134295"}],"wp:term":[{"taxonomy":"category","embeddable":true,"href":"https:\/\/www.actualidadadiario.com\/index.php\/wp-json\/wp\/v2\/categories?post=134295"},{"taxonomy":"post_tag","embeddable":true,"href":"https:\/\/www.actualidadadiario.com\/index.php\/wp-json\/wp\/v2\/tags?post=134295"}],"curies":[{"name":"wp","href":"https:\/\/api.w.org\/{rel}","templated":true}]}}