{"id":134279,"date":"2025-12-02T09:46:36","date_gmt":"2025-12-02T12:46:36","guid":{"rendered":"https:\/\/www.actualidadadiario.com\/?p=134279"},"modified":"2025-12-02T09:46:36","modified_gmt":"2025-12-02T12:46:36","slug":"preocupa-la-baja-vacunacion-se-duplicaron-los-casos-de-coqueluche-en-19-provincias-con-siete-ninos-fallecidos","status":"publish","type":"post","link":"https:\/\/www.actualidadadiario.com\/index.php\/2025\/12\/02\/preocupa-la-baja-vacunacion-se-duplicaron-los-casos-de-coqueluche-en-19-provincias-con-siete-ninos-fallecidos\/","title":{"rendered":"Preocupa la baja vacunaci\u00f3n: se duplicaron los casos de coqueluche en 19 provincias, con siete ni\u00f1os fallecidos"},"content":{"rendered":"<p style=\"text-align: center;\"><em><strong>El a\u00f1o podr\u00eda cerrar con la mayor cantidad de positivos de los \u00faltimos a\u00f1os de mantenerse el actual escenario epidemiol\u00f3gico<\/strong><\/em><\/p>\n<p>&nbsp;<\/p>\n<p>&nbsp;<\/p>\n<p>En seis semanas, el n\u00famero de casos de tos convulsa o coqueluche en el pa\u00eds se duplic\u00f3 y sigue creciendo con una mayor dispersi\u00f3n en el territorio que el a\u00f1o pasado, de acuerdo con los datos nacionales actualizados hoy. Siete menores de 2 a\u00f1os, entre los que hab\u00eda tres reci\u00e9n nacidos, murieron por la enfermedad.<\/p>\n<p>Justo antes de mediados de octubre, con el brote en Tierra del Fuego, se hab\u00edan confirmado 333 de las m\u00e1s de 3400 consultas con los signos de sospecha (catarro y tos persistente e incontrolable) de esta infecci\u00f3n respiratoria atendidas en centros de salud del pa\u00eds. Hace dos semanas, esa cifra ascend\u00eda a 688 sobre 5110 notificaciones cargadas desde las jurisdicciones al sistema nacional de vigilancia epidemiol\u00f3gica que administra el Ministerio de Salud de la Naci\u00f3n.<\/p>\n<p>Adem\u00e1s del brote fueguino, los distritos que est\u00e1n informando m\u00e1s consultas de personas con signos de alerta son C\u00f3rdoba, Buenos Aires, Salta, Mendoza, Santa Fe y Ciudad de Buenos Aires.<\/p>\n<p>\u201cA partir de [la primera semana de julio], se registra un nuevo ascenso, inicialmente asociado al brote en Ushuaia y al aumento de casos confirmados en el centro del pa\u00eds, especialmente en la provincia de Buenos Aires\u201d, describi\u00f3 el \u00e1rea de Epidemiolog\u00eda de la cartera sanitaria nacional. \u201cEn las \u00faltimas semanas, el crecimiento contin\u00faa en curso, con notificaciones provenientes de m\u00faltiples jurisdicciones del pa\u00eds, con predominio de las regiones centro y sur (en particular los casos relacionados con el brote en R\u00edo Grande, Tierra del Fuego)\u201d, continuaron.<\/p>\n<p>A esta altura del a\u00f1o pasado, ocho provincias declaraban 137 positivos para tos convulsa, una enfermedad respiratoria asociada con la bacteria Bordetella pertusis en la mayor\u00eda de los casos, que se transmite al toser, hablar o estornudar y que tiene vacuna de calendario asignada. Este a\u00f1o, como viene publicando La Naci\u00f3n, son 19 las jurisdicciones que confirmaron los m\u00e1s de 600 casos detectados.<\/p>\n<p>Las carteras sanitarias provinciales que est\u00e1n reforzando la comunicaci\u00f3n para aumentar la cobertura con la vacunaci\u00f3n, como Santa Fe, advierten tambi\u00e9n que el 40% de las infecciones se est\u00e1n dando en menores de 1 a\u00f1o, sobre todo antes de los 6 meses. La dosis de la triple bacteriana acelular (difteria, t\u00e9tanos y tos convulsa) en el embarazo que figura en el calendario nacional de inmunizaciones se aplica a partir de la semana 20 de gestaci\u00f3n, seg\u00fan se incorpor\u00f3 al calendario en 2013. Fue luego de que, en 2011, se triplicaron los casos y se quintuplicaron las muertes por tos convulsa en el primer a\u00f1o de vida. La vacunaci\u00f3n materna confiere la protecci\u00f3n en los primeros meses de vida que el sistema inmunol\u00f3gico del beb\u00e9 todav\u00eda no desarroll\u00f3.<\/p>\n<p>Cuatro de los siete fallecidos por coqueluche este a\u00f1o, de acuerdo con la informaci\u00f3n oficial, ten\u00edan menos de 6 meses, uno ten\u00eda menos de 11 meses y dos no llegaban a los 2 a\u00f1os. \u201cNinguno de los cuatro casos en edad de vacunaci\u00f3n posee dosis en el Registro Federal de Inmunizaci\u00f3n Nominalizado (Nomivac), mientras que los otros tres casos son menores de dos meses y tampoco se registra la vacunaci\u00f3n materna\u201d, indic\u00f3 la cartera nacional.<\/p>\n<p>&nbsp;<\/p>\n<p><strong>Como en 2019<\/strong><\/p>\n<p>La tendencia que esta enfermedad est\u00e1 siguiendo este a\u00f1o, por la extensi\u00f3n geogr\u00e1fica, es m\u00e1s parecida a la de 2019, antes de la pandemia de Covid. Se terminaron por confirmaron, entonces, 953 casos de tos convulsa en m\u00e1s de 7100 notificaciones esos 12 meses. Santa Cruz fue la \u00fanica provincia que no inform\u00f3 casos. Este a\u00f1o, se mantienen sin infecciones notificadas Formosa, Chaco, Catamarca, San Luis y Corrientes.<\/p>\n<p>En los \u00faltimos cinco a\u00f1os, a partir de 2020, cuando la circulaci\u00f3n del nuevo coronavirus pand\u00e9mico y las restricciones sociales impactaron en la aparici\u00f3n de otras infecciones respiratorias, el \u00faltimo repunte de casos de tos convulsa o coqueluche documentado en los datos epidemiol\u00f3gicos nacionales fue en 2023. Ese a\u00f1o cerr\u00f3 con 667 positivos para la enfermedad \u2013la mayor\u00eda, en Santa Fe\u2013 entre 5694 notificados, pero con una menor distribuci\u00f3n geogr\u00e1fica que en 2019 y este a\u00f1o. Siete provincias no tuvieron positivos: Formosa, San Luis, Catamarca, Chaco, Jujuy, Corrientes y Chubut.<\/p>\n<p>En octubre \u00faltimo, la Sociedad Argentina de Pediatr\u00eda (SAP) sali\u00f3 a advertir ya sobre el aumento de esta enfermedad en el pa\u00eds e insisti\u00f3, una vez m\u00e1s, en la necesidad de aumentar la vacunaci\u00f3n de calendario para esta enfermedad que est\u00e1 a\u00fan por debajo del 95% recomendado para salir de la cobertura sub\u00f3ptima con el esquema inicial de tres dosis (a los 2, 4 y 6 meses de edad) y un primer refuerzo a los 15-18 meses con la vacuna qu\u00edntuple\/pentavalente, el segundo refuerzo a los 5 a\u00f1os con la triple bacteriana celular y el tercer refuerzo a los 11 con una dosis de la triple bacteriana acelular (cohorte de 2014).<\/p>\n<p>\u201cEn el mes de junio, la Organizaci\u00f3n Panamericana de la Salud (OPS) alert\u00f3 sobre el resurgimiento de casos de coqueluche en la regi\u00f3n e inst\u00f3 a los estados miembro a reforzar sus sistemas de vigilancia epidemiol\u00f3gica y mantener un monitoreo continuo y detallado de coberturas de vacunaci\u00f3n \u2013indicaron los integrantes del Comit\u00e9 de Epidemiolog\u00eda de la SAP\u2013. En la Argentina, ya se hab\u00eda registrado un aumento del n\u00famero de casos confirmados a finales de 2024. Sin embargo, los casos reportados hasta la fecha en 2025 triplican a los del a\u00f1o anterior\u201d.<\/p>\n<p>De acuerdo con la entidad, el escenario que se est\u00e1 dando este a\u00f1o \u201cdemanda una respuesta inmediata para reforzar la sospecha cl\u00ednica, la confirmaci\u00f3n diagn\u00f3stica oportuna y mejorar las coberturas de vacunaci\u00f3n para controlar la situaci\u00f3n\u201d.<\/p>\n","protected":false},"excerpt":{"rendered":"<p>El a\u00f1o podr\u00eda cerrar con la mayor cantidad de positivos de los \u00faltimos a\u00f1os de mantenerse el actual escenario epidemiol\u00f3gico &nbsp; &nbsp; En seis semanas, el n\u00famero de casos de tos convulsa o coqueluche en el pa\u00eds se duplic\u00f3 y sigue creciendo con una mayor dispersi\u00f3n en el territorio que el a\u00f1o pasado, de acuerdo con los datos nacionales actualizados hoy. Siete menores de 2 a\u00f1os, entre los que hab\u00eda tres reci\u00e9n nacidos, murieron por la enfermedad. Justo antes de mediados de octubre, con el brote en Tierra del Fuego,&#8230;<\/p>\n","protected":false},"author":3,"featured_media":133841,"comment_status":"closed","ping_status":"closed","sticky":false,"template":"","format":"standard","meta":[],"categories":[9],"tags":[],"_links":{"self":[{"href":"https:\/\/www.actualidadadiario.com\/index.php\/wp-json\/wp\/v2\/posts\/134279"}],"collection":[{"href":"https:\/\/www.actualidadadiario.com\/index.php\/wp-json\/wp\/v2\/posts"}],"about":[{"href":"https:\/\/www.actualidadadiario.com\/index.php\/wp-json\/wp\/v2\/types\/post"}],"author":[{"embeddable":true,"href":"https:\/\/www.actualidadadiario.com\/index.php\/wp-json\/wp\/v2\/users\/3"}],"replies":[{"embeddable":true,"href":"https:\/\/www.actualidadadiario.com\/index.php\/wp-json\/wp\/v2\/comments?post=134279"}],"version-history":[{"count":1,"href":"https:\/\/www.actualidadadiario.com\/index.php\/wp-json\/wp\/v2\/posts\/134279\/revisions"}],"predecessor-version":[{"id":134280,"href":"https:\/\/www.actualidadadiario.com\/index.php\/wp-json\/wp\/v2\/posts\/134279\/revisions\/134280"}],"wp:featuredmedia":[{"embeddable":true,"href":"https:\/\/www.actualidadadiario.com\/index.php\/wp-json\/wp\/v2\/media\/133841"}],"wp:attachment":[{"href":"https:\/\/www.actualidadadiario.com\/index.php\/wp-json\/wp\/v2\/media?parent=134279"}],"wp:term":[{"taxonomy":"category","embeddable":true,"href":"https:\/\/www.actualidadadiario.com\/index.php\/wp-json\/wp\/v2\/categories?post=134279"},{"taxonomy":"post_tag","embeddable":true,"href":"https:\/\/www.actualidadadiario.com\/index.php\/wp-json\/wp\/v2\/tags?post=134279"}],"curies":[{"name":"wp","href":"https:\/\/api.w.org\/{rel}","templated":true}]}}