{"id":134268,"date":"2025-12-02T08:59:22","date_gmt":"2025-12-02T11:59:22","guid":{"rendered":"https:\/\/www.actualidadadiario.com\/?p=134268"},"modified":"2025-12-02T08:59:22","modified_gmt":"2025-12-02T11:59:22","slug":"comienzan-a-subir-las-temperaturas-y-llega-el-calor-intenso-a-entre-rios","status":"publish","type":"post","link":"https:\/\/www.actualidadadiario.com\/index.php\/2025\/12\/02\/comienzan-a-subir-las-temperaturas-y-llega-el-calor-intenso-a-entre-rios\/","title":{"rendered":"Comienzan a subir las temperaturas y llega el calor intenso a Entre R\u00edos"},"content":{"rendered":"<p style=\"text-align: center;\"><em><strong>\u00bfPara qu\u00e9 d\u00eda se esperan 34 grados? La inestabilidad se aleja de la regi\u00f3n y no se prev\u00e9n nuevas precipitaciones<\/strong><\/em><\/p>\n<p>&nbsp;<\/p>\n<p>&nbsp;<\/p>\n<p>El Servicio Meteorol\u00f3gico Nacional -SMN- prev\u00e9 jornadas calurosas para Entre R\u00edos esta semana. Luego de las lluvias del fin de semana, la inestabilidad se aleja y no habr\u00e1 nuevas precipitaciones.<\/p>\n<p>De acuerdo al pron\u00f3stico, las temperaturas ir\u00e1n creciendo con el correr de los d\u00edas y se espera que los picos se den el fin de semana. Para el domingo se esperan 34 grados.<\/p>\n<p>&nbsp;<\/p>\n<p><strong>Pron\u00f3stico para hoy<\/strong><\/p>\n<p>En Paran\u00e1, La Paz, Villaguay, Diamante y Nogoy\u00e1 la m\u00ednima ser\u00e1 de 21 grados y la m\u00e1xima alcanzar\u00e1 los 28 grados. En la capital y alrededores se espera un d\u00eda con cielo parcialmente nublado.<\/p>\n<p>En Concordia, Federal, Feliciano, Federaci\u00f3n y San Salvador, en tanto, se aguarda una m\u00ednima de 21 grados y una m\u00e1xima de 26 grados. All\u00ed tambi\u00e9n se prev\u00e9 un martes parcialmente nublado.<\/p>\n<p>En Gualeguaych\u00fa, Col\u00f3n, Uruguay, Tala e Islas, por \u00faltimo, se espera una m\u00ednima de 20 grados y una m\u00e1xima de 27 grados. Al igual que en las localidades mencionadas anteriormente, se espera una jornada con cielo parcialmente nublado.<\/p>\n","protected":false},"excerpt":{"rendered":"<p>\u00bfPara qu\u00e9 d\u00eda se esperan 34 grados? La inestabilidad se aleja de la regi\u00f3n y no se prev\u00e9n nuevas precipitaciones &nbsp; &nbsp; El Servicio Meteorol\u00f3gico Nacional -SMN- prev\u00e9 jornadas calurosas para Entre R\u00edos esta semana. Luego de las lluvias del fin de semana, la inestabilidad se aleja y no habr\u00e1 nuevas precipitaciones. De acuerdo al pron\u00f3stico, las temperaturas ir\u00e1n creciendo con el correr de los d\u00edas y se espera que los picos se den el fin de semana. Para el domingo se esperan 34 grados. &nbsp; Pron\u00f3stico para hoy En&#8230;<\/p>\n","protected":false},"author":3,"featured_media":134269,"comment_status":"closed","ping_status":"closed","sticky":false,"template":"","format":"standard","meta":[],"categories":[15],"tags":[],"_links":{"self":[{"href":"https:\/\/www.actualidadadiario.com\/index.php\/wp-json\/wp\/v2\/posts\/134268"}],"collection":[{"href":"https:\/\/www.actualidadadiario.com\/index.php\/wp-json\/wp\/v2\/posts"}],"about":[{"href":"https:\/\/www.actualidadadiario.com\/index.php\/wp-json\/wp\/v2\/types\/post"}],"author":[{"embeddable":true,"href":"https:\/\/www.actualidadadiario.com\/index.php\/wp-json\/wp\/v2\/users\/3"}],"replies":[{"embeddable":true,"href":"https:\/\/www.actualidadadiario.com\/index.php\/wp-json\/wp\/v2\/comments?post=134268"}],"version-history":[{"count":1,"href":"https:\/\/www.actualidadadiario.com\/index.php\/wp-json\/wp\/v2\/posts\/134268\/revisions"}],"predecessor-version":[{"id":134270,"href":"https:\/\/www.actualidadadiario.com\/index.php\/wp-json\/wp\/v2\/posts\/134268\/revisions\/134270"}],"wp:featuredmedia":[{"embeddable":true,"href":"https:\/\/www.actualidadadiario.com\/index.php\/wp-json\/wp\/v2\/media\/134269"}],"wp:attachment":[{"href":"https:\/\/www.actualidadadiario.com\/index.php\/wp-json\/wp\/v2\/media?parent=134268"}],"wp:term":[{"taxonomy":"category","embeddable":true,"href":"https:\/\/www.actualidadadiario.com\/index.php\/wp-json\/wp\/v2\/categories?post=134268"},{"taxonomy":"post_tag","embeddable":true,"href":"https:\/\/www.actualidadadiario.com\/index.php\/wp-json\/wp\/v2\/tags?post=134268"}],"curies":[{"name":"wp","href":"https:\/\/api.w.org\/{rel}","templated":true}]}}