{"id":134263,"date":"2025-12-02T08:56:54","date_gmt":"2025-12-02T11:56:54","guid":{"rendered":"https:\/\/www.actualidadadiario.com\/?p=134263"},"modified":"2025-12-02T08:56:54","modified_gmt":"2025-12-02T11:56:54","slug":"frigerio-hablo-del-aguinaldo-a-estatales-y-anuncio-proximos-cambios-en-el-gabinete","status":"publish","type":"post","link":"https:\/\/www.actualidadadiario.com\/index.php\/2025\/12\/02\/frigerio-hablo-del-aguinaldo-a-estatales-y-anuncio-proximos-cambios-en-el-gabinete\/","title":{"rendered":"Frigerio habl\u00f3 del aguinaldo a estatales y anunci\u00f3 pr\u00f3ximos cambios en el gabinete"},"content":{"rendered":"<p style=\"text-align: center;\"><em><strong>El gobernador de Entre R\u00edos, Rogelio Frigerio, ratific\u00f3 este lunes el compromiso de su administraci\u00f3n con los empleados p\u00fablicos, asegurando que el Sueldo Anual Complementario (SAC) ser\u00e1 pagado \u201cen tiempo y forma\u201d. Aunque el mandatario no brind\u00f3 un cronograma detallado para la segunda cuota del aguinaldo<\/strong><\/em><\/p>\n<p>&nbsp;<\/p>\n<p>&nbsp;<\/p>\n<p>Las declaraciones se dieron en el acto de presentaci\u00f3n del nuevo pl\u00e1stico de la Tarjeta Sidecreer.<\/p>\n<p>\u201cEl aguinaldo se pagar\u00e1 en tiempo y forma\u201d, afirm\u00f3 Frigerio, despejando dudas sobre la disponibilidad de los fondos necesarios para cumplir con esta obligaci\u00f3n salarial antes de fin de a\u00f1o. Se espera que el cronograma oficial con las fechas de pago sea comunicado por el Ministerio de Econom\u00eda en los pr\u00f3ximos d\u00edas.<\/p>\n<p>Anuncio de recambio en el gabinete<\/p>\n<p>En la misma oportunidad, el Gobernador anticip\u00f3 que habr\u00e1 movimientos en su equipo de gobierno debido a que dos de sus principales funcionarios dejar\u00e1n sus cargos para asumir bancas en el Congreso de la Naci\u00f3n.<\/p>\n<p>&nbsp;<\/p>\n<p><strong>Se trata de:<\/strong><\/p>\n<ul>\n<li>Dar\u00edo Schneider: Ministro de Planeamiento, Infraestructura y Servicios.<\/li>\n<li>Alicia Fregonese: Titular del Consejo General de Educaci\u00f3n (CGE).<\/li>\n<\/ul>\n<p>Frigerio confirm\u00f3 que los nombres de los nuevos ministros que reemplazar\u00e1n a Schneider y Fregonese se dar\u00e1n a conocer \u201cen los pr\u00f3ximos d\u00edas\u201d. Esta reestructuraci\u00f3n busca mantener la operatividad de \u00e1reas clave mientras los salientes se preparan para su funci\u00f3n legislativa en Buenos Aires.<\/p>\n","protected":false},"excerpt":{"rendered":"<p>El gobernador de Entre R\u00edos, Rogelio Frigerio, ratific\u00f3 este lunes el compromiso de su administraci\u00f3n con los empleados p\u00fablicos, asegurando que el Sueldo Anual Complementario (SAC) ser\u00e1 pagado \u201cen tiempo y forma\u201d. Aunque el mandatario no brind\u00f3 un cronograma detallado para la segunda cuota del aguinaldo &nbsp; &nbsp; Las declaraciones se dieron en el acto de presentaci\u00f3n del nuevo pl\u00e1stico de la Tarjeta Sidecreer. \u201cEl aguinaldo se pagar\u00e1 en tiempo y forma\u201d, afirm\u00f3 Frigerio, despejando dudas sobre la disponibilidad de los fondos necesarios para cumplir con esta obligaci\u00f3n salarial antes&#8230;<\/p>\n","protected":false},"author":3,"featured_media":134264,"comment_status":"closed","ping_status":"closed","sticky":false,"template":"","format":"standard","meta":[],"categories":[15],"tags":[],"_links":{"self":[{"href":"https:\/\/www.actualidadadiario.com\/index.php\/wp-json\/wp\/v2\/posts\/134263"}],"collection":[{"href":"https:\/\/www.actualidadadiario.com\/index.php\/wp-json\/wp\/v2\/posts"}],"about":[{"href":"https:\/\/www.actualidadadiario.com\/index.php\/wp-json\/wp\/v2\/types\/post"}],"author":[{"embeddable":true,"href":"https:\/\/www.actualidadadiario.com\/index.php\/wp-json\/wp\/v2\/users\/3"}],"replies":[{"embeddable":true,"href":"https:\/\/www.actualidadadiario.com\/index.php\/wp-json\/wp\/v2\/comments?post=134263"}],"version-history":[{"count":1,"href":"https:\/\/www.actualidadadiario.com\/index.php\/wp-json\/wp\/v2\/posts\/134263\/revisions"}],"predecessor-version":[{"id":134265,"href":"https:\/\/www.actualidadadiario.com\/index.php\/wp-json\/wp\/v2\/posts\/134263\/revisions\/134265"}],"wp:featuredmedia":[{"embeddable":true,"href":"https:\/\/www.actualidadadiario.com\/index.php\/wp-json\/wp\/v2\/media\/134264"}],"wp:attachment":[{"href":"https:\/\/www.actualidadadiario.com\/index.php\/wp-json\/wp\/v2\/media?parent=134263"}],"wp:term":[{"taxonomy":"category","embeddable":true,"href":"https:\/\/www.actualidadadiario.com\/index.php\/wp-json\/wp\/v2\/categories?post=134263"},{"taxonomy":"post_tag","embeddable":true,"href":"https:\/\/www.actualidadadiario.com\/index.php\/wp-json\/wp\/v2\/tags?post=134263"}],"curies":[{"name":"wp","href":"https:\/\/api.w.org\/{rel}","templated":true}]}}