{"id":134256,"date":"2025-11-27T12:03:27","date_gmt":"2025-11-27T15:03:27","guid":{"rendered":"https:\/\/www.actualidadadiario.com\/?p=134256"},"modified":"2025-11-27T12:03:27","modified_gmt":"2025-11-27T15:03:27","slug":"gobernadores-buscan-este-jueves-formar-un-interbloque-jalil-rompe-con-el-peronismo","status":"publish","type":"post","link":"https:\/\/www.actualidadadiario.com\/index.php\/2025\/11\/27\/gobernadores-buscan-este-jueves-formar-un-interbloque-jalil-rompe-con-el-peronismo\/","title":{"rendered":"Gobernadores buscan este jueves formar un interbloque: \u00bfJalil rompe con el peronismo?"},"content":{"rendered":"<p style=\"text-align: center;\"><em><strong>La reuni\u00f3n es organizada por el mandatario de Salta, Gustavo S\u00e1enz, para ampliar la bancada de Innovaci\u00f3n Federal<\/strong><\/em><\/p>\n<p>&nbsp;<\/p>\n<p>&nbsp;<\/p>\n<p>Gobernadores de las provincias del norte se reunir\u00e1n este jueves en la b\u00fasqueda de acordar la conformaci\u00f3n de un interbloque en la C\u00e1mara de Diputados, donde la principal expectativa es si se sumar\u00e1 a esta liga el mandatario de Catamarca, Ra\u00fal Jalil.<\/p>\n<p>La presencia de Jalil es clave ya que si se incorpora al interbloque de Innovaci\u00f3n Federal ser\u00e1 un fuerte golpe a Uni\u00f3n por la Patria (UxP), que podr\u00eda perder su condici\u00f3n de primera minor\u00eda porque se quedar\u00e1 con 93 legisladores.<\/p>\n<p>El gobernador de Salta, Gustavo Sa\u00e9nz, organiz\u00f3 una reuni\u00f3n para este jueves con sus pares de Tucum\u00e1n, Osvaldo Jaldo; de Misiones, Hugo Passalacqua, y de Santiago del Estero, Gerardo Zamora, seg\u00fan fuentes legislativas.<\/p>\n<p>La reuni\u00f3n se efectuar\u00e1 en la Casa de Salta, ubicada en Roque S\u00e1enz Pe\u00f1a 933, y tiene el objetivo de avanzar en un acuerdo pol\u00edtico donde se busque convertir a ese interbloque en la tercera fuerza para lograr influencia en medio de la paridad extrema entre la LLA y el peronismo.<\/p>\n<p>Los gobernadores de Salta y Misiones tienen el interbloque Innovaci\u00f3n Federal y ahora buscan ampliar esa fuerza parlamentaria, aunque para ello deben alcanzar unas 17 u 18 bancas.<\/p>\n<p>Hasta ahora tienen 7 bancas, y conf\u00edan en sumar 4 de Catamarca, 3 de Tucum\u00e1n, una de Neuqu\u00e9n. Y podr\u00edan sumar a los dos legisladores del MID, lo cual alcanzar\u00eda 17 lugares.<\/p>\n<p>Fuentes parlamentarias se\u00f1alaron que es dif\u00edcil que se sume Zamora ya que, si se va de la bancada peronista, lo har\u00e1 para tener un bloque propio.<\/p>\n","protected":false},"excerpt":{"rendered":"<p>La reuni\u00f3n es organizada por el mandatario de Salta, Gustavo S\u00e1enz, para ampliar la bancada de Innovaci\u00f3n Federal &nbsp; &nbsp; Gobernadores de las provincias del norte se reunir\u00e1n este jueves en la b\u00fasqueda de acordar la conformaci\u00f3n de un interbloque en la C\u00e1mara de Diputados, donde la principal expectativa es si se sumar\u00e1 a esta liga el mandatario de Catamarca, Ra\u00fal Jalil. La presencia de Jalil es clave ya que si se incorpora al interbloque de Innovaci\u00f3n Federal ser\u00e1 un fuerte golpe a Uni\u00f3n por la Patria (UxP), que podr\u00eda&#8230;<\/p>\n","protected":false},"author":3,"featured_media":102817,"comment_status":"closed","ping_status":"closed","sticky":false,"template":"","format":"standard","meta":[],"categories":[18],"tags":[],"_links":{"self":[{"href":"https:\/\/www.actualidadadiario.com\/index.php\/wp-json\/wp\/v2\/posts\/134256"}],"collection":[{"href":"https:\/\/www.actualidadadiario.com\/index.php\/wp-json\/wp\/v2\/posts"}],"about":[{"href":"https:\/\/www.actualidadadiario.com\/index.php\/wp-json\/wp\/v2\/types\/post"}],"author":[{"embeddable":true,"href":"https:\/\/www.actualidadadiario.com\/index.php\/wp-json\/wp\/v2\/users\/3"}],"replies":[{"embeddable":true,"href":"https:\/\/www.actualidadadiario.com\/index.php\/wp-json\/wp\/v2\/comments?post=134256"}],"version-history":[{"count":1,"href":"https:\/\/www.actualidadadiario.com\/index.php\/wp-json\/wp\/v2\/posts\/134256\/revisions"}],"predecessor-version":[{"id":134257,"href":"https:\/\/www.actualidadadiario.com\/index.php\/wp-json\/wp\/v2\/posts\/134256\/revisions\/134257"}],"wp:featuredmedia":[{"embeddable":true,"href":"https:\/\/www.actualidadadiario.com\/index.php\/wp-json\/wp\/v2\/media\/102817"}],"wp:attachment":[{"href":"https:\/\/www.actualidadadiario.com\/index.php\/wp-json\/wp\/v2\/media?parent=134256"}],"wp:term":[{"taxonomy":"category","embeddable":true,"href":"https:\/\/www.actualidadadiario.com\/index.php\/wp-json\/wp\/v2\/categories?post=134256"},{"taxonomy":"post_tag","embeddable":true,"href":"https:\/\/www.actualidadadiario.com\/index.php\/wp-json\/wp\/v2\/tags?post=134256"}],"curies":[{"name":"wp","href":"https:\/\/api.w.org\/{rel}","templated":true}]}}