{"id":134254,"date":"2025-11-27T12:02:45","date_gmt":"2025-11-27T15:02:45","guid":{"rendered":"https:\/\/www.actualidadadiario.com\/?p=134254"},"modified":"2025-11-27T12:02:45","modified_gmt":"2025-11-27T15:02:45","slug":"detectan-que-lavagna-toco-seis-meses-de-la-serie-de-datos-para-que-no-de-recesion-y-tuvo-que-dar-explicaciones","status":"publish","type":"post","link":"https:\/\/www.actualidadadiario.com\/index.php\/2025\/11\/27\/detectan-que-lavagna-toco-seis-meses-de-la-serie-de-datos-para-que-no-de-recesion-y-tuvo-que-dar-explicaciones\/","title":{"rendered":"Detectan que Lavagna toc\u00f3 seis meses de la serie de datos para que no d\u00e9 recesi\u00f3n y tuvo que dar explicaciones"},"content":{"rendered":"<p style=\"text-align: center;\"><em><strong>El Indec tuvo que dar detalles sobre la sugestiva correcci\u00f3n de los datos del \u00edndice de actividad econ\u00f3mica<\/strong><\/em><\/p>\n<p>&nbsp;<\/p>\n<p>&nbsp;<\/p>\n<p>El titular del Indec, Marco Lavagna, tuvo que salir a dar explicaciones sobre la correcci\u00f3n del Estimador Mensual de Actividad Econ\u00f3mica (EMAE) para evitar que la econom\u00eda entre en recesi\u00f3n t\u00e9cnica. Lo hizo luego de que economistas y opositores detectaron que se recalcularon seis meses del indicador.<\/p>\n<p>El Indec sorprendi\u00f3 al difundir los datos de actividad econ\u00f3mica de septiembre porque los n\u00fameros fueron mucho mejores a los que anticipaban las consultoras privadas. Adem\u00e1s logr\u00f3 evitar que la econom\u00eda caiga en recesi\u00f3n t\u00e9cnica con la correcci\u00f3n al alza de los datos de los dos meses previos (julio pas\u00f3 de -0,1% a 0,1% y agosto de 0,3% a 0,7%).<\/p>\n<p>En el bloque de diputados nacionales del peronismo destacaron que el Indec en realidad cambi\u00f3 seis meses del EMAE y mejor\u00f3 sustancialmente los n\u00fameros globales para el gobierno, pese al contraste con la realidad.<\/p>\n<p>Las fuentes de la bancada peronista mostraron que el Indec tambi\u00e9n mejor\u00f3 los n\u00fameros de junio (de -0,6% a -0,4%), abril (de 1,2% a 1,1%), febrero (de 0,7% a 0,8%) y enero (de -0,1% a 0,1).<\/p>\n<p>En la oposici\u00f3n comparaban en tono burlesco la modificaci\u00f3n de los n\u00fameros del EMAE con los tan comentados fallos arbitrales de la AFA del Chiqui Tapia. Como adelant\u00f3 LPO, en el peronismo ya est\u00e1n trabajando en un \u00edndice de inflaci\u00f3n alternativo ante las sospechas que genera el del Indec.<\/p>\n<p>Ante tanto revuelo por los n\u00fameros de la actividad econ\u00f3mica, Marco Lavagna tuvo que salir a dar explicaciones y public\u00f3 un documento en donde sostiene que las series del EMAE &#8220;se construyen con informaci\u00f3n parcial, provisoria e incluso con algunas fuentes diferentes de las utilizadas en la estimaci\u00f3n del PIB trimestral&#8221;.<\/p>\n<p>&#8220;Los cambios observados en la serie desestacionalizada y en la serie de tendencia-ciclo no responden a las peque\u00f1as correcciones de la serie original sino, fundamentalmente, a la incorporaci\u00f3n del valor de septiembre. Esto es especialmente relevante porque septiembre completa un trimestre y, al hacerlo, introduce una revisi\u00f3n mayor al conciliar los datos del EMAE con la proyecci\u00f3n del PIB desestacionalizado para el tercer trimestre del a\u00f1o&#8221;, dice el texto.<\/p>\n<p>El Indec sostuvo que &#8220;el m\u00e9todo de desestacionalizaci\u00f3n utilizado hist\u00f3ricamente aplica filtros m\u00f3viles que recalculan la estacionalidad y la tendencia-ciclo cada vez que se incorpora un nuevo dato, lo cual provoca inestabilidad en los \u00faltimos meses de la serie&#8221;. &#8220;La inclusi\u00f3n de un nuevo dato no solo implica estimar su valor desestacionalizado, sino tambi\u00e9n recalibrar los meses previos&#8221;, explic\u00f3.<\/p>\n<p>Seg\u00fan el Indec, la mejora de septiembre se dio principalmente por la crecimiento en el sector Intermediaci\u00f3n Financiera. &#8220;La combinaci\u00f3n del efecto composici\u00f3n junto a la reestimaci\u00f3n propia del m\u00e9todo de desestacionalizaci\u00f3n y el impacto adicional de septiembre al cerrar el trimestre y ajustar contra el PIB desestacionalizado, explica que la tendencia reciente del EMAE, que antes se ve\u00eda negativa, ahora se observe como positiva&#8221;, concluye.<\/p>\n","protected":false},"excerpt":{"rendered":"<p>El Indec tuvo que dar detalles sobre la sugestiva correcci\u00f3n de los datos del \u00edndice de actividad econ\u00f3mica &nbsp; &nbsp; El titular del Indec, Marco Lavagna, tuvo que salir a dar explicaciones sobre la correcci\u00f3n del Estimador Mensual de Actividad Econ\u00f3mica (EMAE) para evitar que la econom\u00eda entre en recesi\u00f3n t\u00e9cnica. Lo hizo luego de que economistas y opositores detectaron que se recalcularon seis meses del indicador. El Indec sorprendi\u00f3 al difundir los datos de actividad econ\u00f3mica de septiembre porque los n\u00fameros fueron mucho mejores a los que anticipaban las&#8230;<\/p>\n","protected":false},"author":3,"featured_media":111824,"comment_status":"closed","ping_status":"closed","sticky":false,"template":"","format":"standard","meta":[],"categories":[18],"tags":[],"_links":{"self":[{"href":"https:\/\/www.actualidadadiario.com\/index.php\/wp-json\/wp\/v2\/posts\/134254"}],"collection":[{"href":"https:\/\/www.actualidadadiario.com\/index.php\/wp-json\/wp\/v2\/posts"}],"about":[{"href":"https:\/\/www.actualidadadiario.com\/index.php\/wp-json\/wp\/v2\/types\/post"}],"author":[{"embeddable":true,"href":"https:\/\/www.actualidadadiario.com\/index.php\/wp-json\/wp\/v2\/users\/3"}],"replies":[{"embeddable":true,"href":"https:\/\/www.actualidadadiario.com\/index.php\/wp-json\/wp\/v2\/comments?post=134254"}],"version-history":[{"count":1,"href":"https:\/\/www.actualidadadiario.com\/index.php\/wp-json\/wp\/v2\/posts\/134254\/revisions"}],"predecessor-version":[{"id":134255,"href":"https:\/\/www.actualidadadiario.com\/index.php\/wp-json\/wp\/v2\/posts\/134254\/revisions\/134255"}],"wp:featuredmedia":[{"embeddable":true,"href":"https:\/\/www.actualidadadiario.com\/index.php\/wp-json\/wp\/v2\/media\/111824"}],"wp:attachment":[{"href":"https:\/\/www.actualidadadiario.com\/index.php\/wp-json\/wp\/v2\/media?parent=134254"}],"wp:term":[{"taxonomy":"category","embeddable":true,"href":"https:\/\/www.actualidadadiario.com\/index.php\/wp-json\/wp\/v2\/categories?post=134254"},{"taxonomy":"post_tag","embeddable":true,"href":"https:\/\/www.actualidadadiario.com\/index.php\/wp-json\/wp\/v2\/tags?post=134254"}],"curies":[{"name":"wp","href":"https:\/\/api.w.org\/{rel}","templated":true}]}}