{"id":134252,"date":"2025-11-27T12:02:02","date_gmt":"2025-11-27T15:02:02","guid":{"rendered":"https:\/\/www.actualidadadiario.com\/?p=134252"},"modified":"2025-11-27T12:02:02","modified_gmt":"2025-11-27T15:02:02","slug":"extraordinarias-el-gobierno-define-el-formato-y-hay-fecha-tentativa-para-firmar-el-decreto","status":"publish","type":"post","link":"https:\/\/www.actualidadadiario.com\/index.php\/2025\/11\/27\/extraordinarias-el-gobierno-define-el-formato-y-hay-fecha-tentativa-para-firmar-el-decreto\/","title":{"rendered":"Extraordinarias: el Gobierno define el formato y hay fecha tentativa para firmar el decreto"},"content":{"rendered":"<p style=\"text-align: center;\"><em><strong>En el per\u00edodo, Milei intentar\u00e1 aprobar el Presupuesto 2026 y la Reforma Laboral<\/strong><\/em><\/p>\n<p>&nbsp;<\/p>\n<p>&nbsp;<\/p>\n<p>Con la definici\u00f3n de convocar a sesiones extraordinarias a partir del 10 de diciembre, el Poder Ejecutivo debate el formato y la extensi\u00f3n del per\u00edodo en el que buscar\u00e1n aprobar el Presupuesto 2026 y la Reforma Laboral.<\/p>\n<p>El presidente Javier Milei podr\u00eda firmar el decreto en los pr\u00f3ximos d\u00edas, luego de que la jura de los nuevos legisladores programada para el viernes 28 de noviembre en C\u00e1mara de Senadores y para el mi\u00e9rcoles 3 de diciembre en Diputados, la administraci\u00f3n libertaria podr\u00eda oficializar el llamado antes del 10.<\/p>\n<p>Si bien a\u00fan no hay definiciones y la fecha permanece sometida a debate, al menos dos funcionarios y dos fuentes legislativas plantearon a esta agencia la posibilidad de que la convocatoria se haga p\u00fablica el pr\u00f3ximo viernes 5 de diciembre. Sin embargo, el tema no est\u00e1 cerrado. \u201cNo est\u00e1 definido, todo es posible\u201d, sostuvo una importante fuente al respecto.<\/p>\n<p>Otro de los debates que atraviesa a la administraci\u00f3n libertaria es la extensi\u00f3n que tendr\u00e1 la pr\u00f3rroga de sesiones en el Congreso Nacional. En la bancada libertaria reina la intenci\u00f3n de prolongar las fechas, pensadas desde el 10 de diciembre al 31 del mismo mes con continuidad en febrero.<\/p>\n<p>El titular de la C\u00e1mara de Diputados, Mart\u00edn Menem, fue de los m\u00e1s activos en sesionar incluso durante el mes de enero hasta el 28 de febrero. Es decir de 10 de diciembre hasta finales del segundo mes del 2026. \u201cSer\u00eda lo ideal, pero seguro activemos en diciembre, frenemos a principios de a\u00f1o y retomemos la \u00faltima de enero\u201d, afirm\u00f3 un legislador violeta.<\/p>\n<p>&nbsp;<\/p>\n<p>El plan de la Casa Rosada es lograr sancionar el Presupuesto 2026 y la reforma laboral que tanta tensi\u00f3n genera con el sindicalismo que se opone a la redacci\u00f3n de los equipos que encabeza el ministro de Desregulaci\u00f3n y Transformaci\u00f3n del Estado, Federico Sturzenegger. &#8220;No hay consenso. Los t\u00edtulos y los argumentos establecidos en el debate no nos ha hecho ponernos de acuerdo. No nos vamos a quedar de brazos cruzados&#8221;, prometi\u00f3 el titular de la UOCRA, Gerardo Mart\u00ednez, quien encarna la voz sindical en el Consejo de Mayo.<\/p>\n<p>Tambi\u00e9n marc\u00f3 sus diferencias Mart\u00edn Rappallini, presidente de la Uni\u00f3n Industrial Argentina (UIA) al pedir intensificar las limitaciones en los juicios laborales mientras que el resto de los consejeros apost\u00f3 a alcanzar un equilibrio l\u00f3gico entre las terminales en tensi\u00f3n.<\/p>\n<p>En Balcarce 50 resuelven la disputa m\u00e1s simple: prometen escuchar, pero anticipan que el proyecto final lo define el presidente Javier Milei. \u201cEl Consejo es un \u00f3rgano consultivo, tomamos las recomendaciones, pero la impronta es nuestra\u201d, aseveraron fuentes oficiales.<\/p>\n<p>En paralelo, el pr\u00f3ximo 9 de diciembre, el Consejo de Mayo enviar\u00e1 al Congreso Nacional el documento que contempla los proyectos que materializan el firmado Pacto de Mayo. Quedar\u00e1n afuera los puntos 5 y 9 relativos a la Reforma Previsional y de la Ley de Coparticipaci\u00f3n, que ser\u00e1n discutidos m\u00e1s adelante.<\/p>\n<p>Dos de los integrantes del cuerpo que se re\u00fane a mitad de mes en el Sal\u00f3n de los Escudos del Ministerio del Interior revelaron que alguno de los t\u00edtulos del proyecto de reforma laboral ser\u00edan ultraactividad; relaci\u00f3n de los convenios; cargas fiscales; peajes, financiamiento sindicatos y c\u00e1maras; derechos colectivos y de trabajo individual; trabajadores aut\u00f3nomos y democracia sindical.<\/p>\n<p>Asimismo, esperan poder incluir en el temario legislativo de diciembre la Ley de Glaciares, pedido expreso de los gobernadores, y reservar para febrero la reforma del C\u00f3digo Penal y la tributaria.<\/p>\n","protected":false},"excerpt":{"rendered":"<p>En el per\u00edodo, Milei intentar\u00e1 aprobar el Presupuesto 2026 y la Reforma Laboral &nbsp; &nbsp; Con la definici\u00f3n de convocar a sesiones extraordinarias a partir del 10 de diciembre, el Poder Ejecutivo debate el formato y la extensi\u00f3n del per\u00edodo en el que buscar\u00e1n aprobar el Presupuesto 2026 y la Reforma Laboral. El presidente Javier Milei podr\u00eda firmar el decreto en los pr\u00f3ximos d\u00edas, luego de que la jura de los nuevos legisladores programada para el viernes 28 de noviembre en C\u00e1mara de Senadores y para el mi\u00e9rcoles 3 de&#8230;<\/p>\n","protected":false},"author":3,"featured_media":133764,"comment_status":"closed","ping_status":"closed","sticky":false,"template":"","format":"standard","meta":[],"categories":[9],"tags":[],"_links":{"self":[{"href":"https:\/\/www.actualidadadiario.com\/index.php\/wp-json\/wp\/v2\/posts\/134252"}],"collection":[{"href":"https:\/\/www.actualidadadiario.com\/index.php\/wp-json\/wp\/v2\/posts"}],"about":[{"href":"https:\/\/www.actualidadadiario.com\/index.php\/wp-json\/wp\/v2\/types\/post"}],"author":[{"embeddable":true,"href":"https:\/\/www.actualidadadiario.com\/index.php\/wp-json\/wp\/v2\/users\/3"}],"replies":[{"embeddable":true,"href":"https:\/\/www.actualidadadiario.com\/index.php\/wp-json\/wp\/v2\/comments?post=134252"}],"version-history":[{"count":1,"href":"https:\/\/www.actualidadadiario.com\/index.php\/wp-json\/wp\/v2\/posts\/134252\/revisions"}],"predecessor-version":[{"id":134253,"href":"https:\/\/www.actualidadadiario.com\/index.php\/wp-json\/wp\/v2\/posts\/134252\/revisions\/134253"}],"wp:featuredmedia":[{"embeddable":true,"href":"https:\/\/www.actualidadadiario.com\/index.php\/wp-json\/wp\/v2\/media\/133764"}],"wp:attachment":[{"href":"https:\/\/www.actualidadadiario.com\/index.php\/wp-json\/wp\/v2\/media?parent=134252"}],"wp:term":[{"taxonomy":"category","embeddable":true,"href":"https:\/\/www.actualidadadiario.com\/index.php\/wp-json\/wp\/v2\/categories?post=134252"},{"taxonomy":"post_tag","embeddable":true,"href":"https:\/\/www.actualidadadiario.com\/index.php\/wp-json\/wp\/v2\/tags?post=134252"}],"curies":[{"name":"wp","href":"https:\/\/api.w.org\/{rel}","templated":true}]}}