{"id":134247,"date":"2025-11-27T12:00:40","date_gmt":"2025-11-27T15:00:40","guid":{"rendered":"https:\/\/www.actualidadadiario.com\/?p=134247"},"modified":"2025-11-27T12:00:40","modified_gmt":"2025-11-27T15:00:40","slug":"tras-la-visita-del-canciller-israeli-milei-reafirmo-que-quiere-profundizar-los-vinculos-entre-israel-y-america-latina","status":"publish","type":"post","link":"https:\/\/www.actualidadadiario.com\/index.php\/2025\/11\/27\/tras-la-visita-del-canciller-israeli-milei-reafirmo-que-quiere-profundizar-los-vinculos-entre-israel-y-america-latina\/","title":{"rendered":"Tras la visita del canciller israel\u00ed, Milei reafirm\u00f3 que quiere \u201cprofundizar los v\u00ednculos entre Israel y Am\u00e9rica Latina"},"content":{"rendered":"<p style=\"text-align: center;\"><em><strong>El Presidente volvi\u00f3 a plantear una estrategia regional alineada a Israel y a Estados Unidos, en medio de la preparaci\u00f3n del traslado de la embajada argentina a Jerusal\u00e9n. Adem\u00e1s, halag\u00f3 a Trump y al accionar militar israel\u00ed<\/strong><\/em><\/p>\n<p>&nbsp;<\/p>\n<p>&nbsp;<\/p>\n<p>En el marco del aniversario de la DAIA, el presidente Javier Milei asegur\u00f3 que aspira a \u201cprofundizar los v\u00ednculos entre Israel y Am\u00e9rica Latina\u201d, horas despu\u00e9s de la visita a Buenos Aires del canciller israel\u00ed Gideon Saar, con quien se reuni\u00f3 el pasado martes y a quien le ech\u00f3 un gui\u00f1o al insistir en su pol\u00edtica de &#8220;tolerancia cero con el antisemitismo\u201d.<\/p>\n<p>Durante el acto en el Teatro Col\u00f3n, Milei busc\u00f3 reforzar su decisi\u00f3n pol\u00edtica de avanzar en los llamados Acuerdos de Isaac, un esquema de cooperaci\u00f3n impulsado por \u00e9l mismo tras recibir el Premio G\u00e9nesis. Seg\u00fan expres\u00f3, la propuesta pretende ampliar la articulaci\u00f3n diplom\u00e1tica, social y econ\u00f3mica con Israel y sumar a otros pa\u00edses de la regi\u00f3n, inspir\u00e1ndose en los acuerdos promovidos por Donald Trump en 2020.<\/p>\n<p>En paralelo, el Gobierno confirm\u00f3 que Argentina trasladar\u00e1 su embajada de Tel Aviv a Jerusal\u00e9n en 2026. El canciller Pablo Quirno detall\u00f3 que el viaje oficial de Milei est\u00e1 previsto para abril o mayo del a\u00f1o pr\u00f3ximo, fecha en la que se inaugurar\u00eda la nueva sede diplom\u00e1tica. Quirno viajar\u00e1 en febrero a Israel para ultimar la coordinaci\u00f3n con Saar y con la administraci\u00f3n de Benjamin Netanyahu.<\/p>\n<p>El mandatario tambi\u00e9n volvi\u00f3 a reivindicar la alianza estrat\u00e9gica con Estados Unidos, al asegurar que Argentina ser\u00e1 \u201cpionera\u201d en la promoci\u00f3n de los Acuerdos de Isaac junto a ese pa\u00eds. En ese marco, aprovech\u00f3 para destacar &#8220;la valent\u00eda&#8221; de los soldados israel\u00edes durante el ataque a la poblaci\u00f3n palestina pero, sobre todo, para elogiar a su \u00eddolo presidencial de Estados Unidos, se\u00f1alando su &#8220;apoyo inquebrantable&#8221;.<\/p>\n<p>Otro de los ejes del discurso fue el anuncio de que Argentina asumir\u00e1 en 2026 la presidencia de la IHRA, organismo internacional dedicado a la memoria del Holocausto. Milei lo present\u00f3 como un paso para fortalecer la cooperaci\u00f3n contra los discursos de odio y contrast\u00f3 ese rumbo con decisiones de gobiernos anteriores. \u201cMientras otros pactaban con Ir\u00e1n para encubrir atentados, nosotros pactamos con Israel para combatir el terrorismo\u201d, dispar\u00f3.<\/p>\n<p>Hacia el final, el mandatario retom\u00f3 el ataque del 7 de octubre como un quiebre global y reivindic\u00f3 la liberaci\u00f3n de rehenes, entre ellos los argentinos David y Ariel Cunio y Eitan Horn, a los que consider\u00f3 parte de un \u201cmilagro\u201d. \u201cApoyar a Israel es apoyar a nuestro pa\u00eds\u201d, enfatiz\u00f3.<\/p>\n","protected":false},"excerpt":{"rendered":"<p>El Presidente volvi\u00f3 a plantear una estrategia regional alineada a Israel y a Estados Unidos, en medio de la preparaci\u00f3n del traslado de la embajada argentina a Jerusal\u00e9n. Adem\u00e1s, halag\u00f3 a Trump y al accionar militar israel\u00ed &nbsp; &nbsp; En el marco del aniversario de la DAIA, el presidente Javier Milei asegur\u00f3 que aspira a \u201cprofundizar los v\u00ednculos entre Israel y Am\u00e9rica Latina\u201d, horas despu\u00e9s de la visita a Buenos Aires del canciller israel\u00ed Gideon Saar, con quien se reuni\u00f3 el pasado martes y a quien le ech\u00f3 un gui\u00f1o&#8230;<\/p>\n","protected":false},"author":3,"featured_media":134248,"comment_status":"closed","ping_status":"closed","sticky":false,"template":"","format":"standard","meta":[],"categories":[18],"tags":[],"_links":{"self":[{"href":"https:\/\/www.actualidadadiario.com\/index.php\/wp-json\/wp\/v2\/posts\/134247"}],"collection":[{"href":"https:\/\/www.actualidadadiario.com\/index.php\/wp-json\/wp\/v2\/posts"}],"about":[{"href":"https:\/\/www.actualidadadiario.com\/index.php\/wp-json\/wp\/v2\/types\/post"}],"author":[{"embeddable":true,"href":"https:\/\/www.actualidadadiario.com\/index.php\/wp-json\/wp\/v2\/users\/3"}],"replies":[{"embeddable":true,"href":"https:\/\/www.actualidadadiario.com\/index.php\/wp-json\/wp\/v2\/comments?post=134247"}],"version-history":[{"count":1,"href":"https:\/\/www.actualidadadiario.com\/index.php\/wp-json\/wp\/v2\/posts\/134247\/revisions"}],"predecessor-version":[{"id":134249,"href":"https:\/\/www.actualidadadiario.com\/index.php\/wp-json\/wp\/v2\/posts\/134247\/revisions\/134249"}],"wp:featuredmedia":[{"embeddable":true,"href":"https:\/\/www.actualidadadiario.com\/index.php\/wp-json\/wp\/v2\/media\/134248"}],"wp:attachment":[{"href":"https:\/\/www.actualidadadiario.com\/index.php\/wp-json\/wp\/v2\/media?parent=134247"}],"wp:term":[{"taxonomy":"category","embeddable":true,"href":"https:\/\/www.actualidadadiario.com\/index.php\/wp-json\/wp\/v2\/categories?post=134247"},{"taxonomy":"post_tag","embeddable":true,"href":"https:\/\/www.actualidadadiario.com\/index.php\/wp-json\/wp\/v2\/tags?post=134247"}],"curies":[{"name":"wp","href":"https:\/\/api.w.org\/{rel}","templated":true}]}}