{"id":134225,"date":"2025-11-27T09:53:39","date_gmt":"2025-11-27T12:53:39","guid":{"rendered":"https:\/\/www.actualidadadiario.com\/?p=134225"},"modified":"2025-11-27T09:53:39","modified_gmt":"2025-11-27T12:53:39","slug":"emitieron-alerta-amarilla-por-lluvias-y-tormentas-para-este-jueves","status":"publish","type":"post","link":"https:\/\/www.actualidadadiario.com\/index.php\/2025\/11\/27\/emitieron-alerta-amarilla-por-lluvias-y-tormentas-para-este-jueves\/","title":{"rendered":"Emitieron alerta amarilla por lluvias y tormentas para este jueves"},"content":{"rendered":"<p style=\"text-align: center;\"><em><strong>Desde el \u00e1rea de Defensa Civil de la provincia informaron que el Servicio Meteorol\u00f3gico Nacional emiti\u00f3 un alerta amarilla para el sur del territorio provincial, por lluvias y tormentas para este jueves por la tarde<\/strong><\/em><\/p>\n<p>&nbsp;<\/p>\n<p>&nbsp;<\/p>\n<p>De acuerdo al alerta amarilla los departamentos, Islas del Ibicuy, Gualeguay, Gualeguaych\u00fa, Uruguay, Victoria, Tala y Col\u00f3n\u00a0 ser\u00e1n\u00a0 afectados por tormentas aisladas de variada intensidad, algunas localmente fuertes. Las mismas podr\u00edan provocar chaparrones intensos, actividad el\u00e9ctrica frecuente, r\u00e1fagas que pueden superar los 75 kil\u00f3metros por hora y ocasional ca\u00edda de granizo. Se prev\u00e9n valores de precipitaci\u00f3n acumulada entre 40 y 60 mil\u00edmetros, pudiendo ser superados en forma puntual.<\/p>\n<p>&nbsp;<\/p>\n<p><strong>Precauciones<\/strong><\/p>\n<p>Desde la provincia instan a la poblaci\u00f3n a tomar los recaudos necesarios, por lo que se recomienda no sacar la basura. Retirar objetos que impidan que el agua escurra. Evitar actividades al aire libre. No refugiarse cerca de \u00e1rboles y postes de electricidad que puedan caerse.<\/p>\n<p>Adem\u00e1s, para minimizar el riesgo de ser alcanzado por un rayo, no permanecer en playas, r\u00edos, lagunas o piletas. Estar atentos ante la posible ca\u00edda de granizo. Tener siempre lista una mochila de emergencias con linterna, radio, documentos y tel\u00e9fono.<\/p>\n","protected":false},"excerpt":{"rendered":"<p>Desde el \u00e1rea de Defensa Civil de la provincia informaron que el Servicio Meteorol\u00f3gico Nacional emiti\u00f3 un alerta amarilla para el sur del territorio provincial, por lluvias y tormentas para este jueves por la tarde &nbsp; &nbsp; De acuerdo al alerta amarilla los departamentos, Islas del Ibicuy, Gualeguay, Gualeguaych\u00fa, Uruguay, Victoria, Tala y Col\u00f3n\u00a0 ser\u00e1n\u00a0 afectados por tormentas aisladas de variada intensidad, algunas localmente fuertes. Las mismas podr\u00edan provocar chaparrones intensos, actividad el\u00e9ctrica frecuente, r\u00e1fagas que pueden superar los 75 kil\u00f3metros por hora y ocasional ca\u00edda de granizo. Se prev\u00e9n&#8230;<\/p>\n","protected":false},"author":3,"featured_media":124660,"comment_status":"closed","ping_status":"closed","sticky":false,"template":"","format":"standard","meta":[],"categories":[15],"tags":[],"_links":{"self":[{"href":"https:\/\/www.actualidadadiario.com\/index.php\/wp-json\/wp\/v2\/posts\/134225"}],"collection":[{"href":"https:\/\/www.actualidadadiario.com\/index.php\/wp-json\/wp\/v2\/posts"}],"about":[{"href":"https:\/\/www.actualidadadiario.com\/index.php\/wp-json\/wp\/v2\/types\/post"}],"author":[{"embeddable":true,"href":"https:\/\/www.actualidadadiario.com\/index.php\/wp-json\/wp\/v2\/users\/3"}],"replies":[{"embeddable":true,"href":"https:\/\/www.actualidadadiario.com\/index.php\/wp-json\/wp\/v2\/comments?post=134225"}],"version-history":[{"count":1,"href":"https:\/\/www.actualidadadiario.com\/index.php\/wp-json\/wp\/v2\/posts\/134225\/revisions"}],"predecessor-version":[{"id":134226,"href":"https:\/\/www.actualidadadiario.com\/index.php\/wp-json\/wp\/v2\/posts\/134225\/revisions\/134226"}],"wp:featuredmedia":[{"embeddable":true,"href":"https:\/\/www.actualidadadiario.com\/index.php\/wp-json\/wp\/v2\/media\/124660"}],"wp:attachment":[{"href":"https:\/\/www.actualidadadiario.com\/index.php\/wp-json\/wp\/v2\/media?parent=134225"}],"wp:term":[{"taxonomy":"category","embeddable":true,"href":"https:\/\/www.actualidadadiario.com\/index.php\/wp-json\/wp\/v2\/categories?post=134225"},{"taxonomy":"post_tag","embeddable":true,"href":"https:\/\/www.actualidadadiario.com\/index.php\/wp-json\/wp\/v2\/tags?post=134225"}],"curies":[{"name":"wp","href":"https:\/\/api.w.org\/{rel}","templated":true}]}}