{"id":134217,"date":"2025-11-27T09:48:43","date_gmt":"2025-11-27T12:48:43","guid":{"rendered":"https:\/\/www.actualidadadiario.com\/?p=134217"},"modified":"2025-11-27T09:48:43","modified_gmt":"2025-11-27T12:48:43","slug":"puerto-tec-concordia-tambien-inauguro-su-nodo-tecnologico","status":"publish","type":"post","link":"https:\/\/www.actualidadadiario.com\/index.php\/2025\/11\/27\/puerto-tec-concordia-tambien-inauguro-su-nodo-tecnologico\/","title":{"rendered":"Puerto Tec: Concordia tambi\u00e9n inaugur\u00f3 su nodo tecnol\u00f3gico"},"content":{"rendered":"<p style=\"text-align: center;\"><em><strong>\u201cDonde antes se exportaban bienes o mercader\u00eda, hoy pretendemos que se exporte conocimiento\u201d, expres\u00f3 el intendente Azcu\u00e9 durante el acto de inauguraci\u00f3n, que cont\u00f3 con la presencia de autoridades provinciales<\/strong><\/em><\/p>\n<p>&nbsp;<\/p>\n<p>&nbsp;<\/p>\n<p>Concordia se suma a las ciudades, como Paran\u00e1 y Concepci\u00f3n del Uruguay, que lanzan sus propios espacios para promover la econom\u00eda del conocimiento. El intendente Francisco Azcu\u00e9 dej\u00f3 inaugurado el Nodo Tecnol\u00f3gico \u201cPuerto TEC\u201d, un centro de capacitaci\u00f3n para empresarios y emprendedores del ecosistema tecnol\u00f3gico que deseen radicarse en Concordia y contraten talento local.<\/p>\n<p>\u201cLa concreci\u00f3n de este lugar se dio en el marco de las pol\u00edticas p\u00fablicas que lleva adelante la Municipalidad de manera conjunta con el Gobierno de la Provincia y el Gobierno Nacional, con el objetivo de avanzar en la transformaci\u00f3n de la matriz productiva, apostando al desarrollo y crecimiento de la econom\u00eda del conocimiento\u201d, aseguraron en un comunicado.<\/p>\n<p>\u201cPuerto TEC\u201d funciona en el galp\u00f3n N\u00ba1, \u201cun lugar con un significado hist\u00f3rico para la ciudad y la regi\u00f3n teniendo en cuenta que parte de la producci\u00f3n se concentraba en ese sitio\u201d, mencionaron. En sus palabras el intendente Azcu\u00e9 dej\u00f3 reflejado este punto al se\u00f1alar que \u201cdonde antes se exportaban bienes o mercader\u00eda, hoy pretendemos que se exporte conocimiento\u201d.<\/p>\n<p>En ese sentido Azcu\u00e9 record\u00f3 la adhesi\u00f3n de Concordia a la Ley Provincial de Econom\u00eda del Conocimiento y la creaci\u00f3n de un marco normativo que promueve la inversi\u00f3n, el desarrollo y la radicaci\u00f3n de empresas tecnol\u00f3gicas en la ciudad, con importantes incentivos que incluyen exenciones de tasas municipales.<\/p>\n<p>\u201cEstamos generando las bases para el desarrollo luego de haber ordenado las cuentas del municipio. Queremos que todos se apropien de este lugar, que lo hagan suyo y agradecemos a las empresas del sector privado que apuestan, arriesgan e invierten porque ellos son los verdaderos generadores de empleo genuino\u201d afirm\u00f3 Azcu\u00e9.<\/p>\n<p>&nbsp;<\/p>\n<p><strong>Acciones<\/strong><\/p>\n<p>Por su parte, el director de Innovaci\u00f3n y Econom\u00eda del Conocimiento, Pedro Kohn, destac\u00f3 que \u201cestas estrategias no son aisladas sino que forman parte de una serie de acciones que se vienen llevando adelante. Si miramos a otras ciudades que est\u00e1n m\u00e1s avanzadas, cuentan con una base e infraestructura que les permiti\u00f3 crecer. Hoy lo estamos haciendo en Concordia\u201d.<\/p>\n<p>\u201cInvitamos a los emprendedores, a las empresas, a los ciudadanos en general a que se acerquen. Este lugar se cre\u00f3 desde el \u00e1mbito p\u00fablico pero est\u00e1 dise\u00f1ado y pensado para que ustedes puedan crear porque queremos que el pr\u00f3ximo emprendimiento nazca desde ac\u00e1\u201d, destac\u00f3 Kohn.<\/p>\n<p>Por \u00faltimo, la secretaria de Desarrollo Productivo y Emprendedor de Entre R\u00edos Paula Vicari sostuvo que es muy importante que la provincia siga sumando espacios para que empresas tecnol\u00f3gicas se potencien, en el marco del Programa \u201cEntre R\u00edos Impulsa\u201d, desde donde se realiz\u00f3 un aporte importante para la finalizaci\u00f3n de \u201cPuerto TEC\u201d.<\/p>\n<p>Estuvieron presentes el Secretario de Coordinaci\u00f3n de Gabinete y Hacienda Pablo Ferreyra; el Director de Econom\u00eda del Conocimiento del Gobierno de Entre R\u00edos Mat\u00edas Ru\u00edz; el Subsecretario de Cultura y Educaci\u00f3n Carlos Gatto; la presidenta del Ente Costanera Mar\u00eda Perini, representantes de Prefectura Naval; de instituciones acad\u00e9micas e intermedias y de la comunidad en general.<\/p>\n","protected":false},"excerpt":{"rendered":"<p>\u201cDonde antes se exportaban bienes o mercader\u00eda, hoy pretendemos que se exporte conocimiento\u201d, expres\u00f3 el intendente Azcu\u00e9 durante el acto de inauguraci\u00f3n, que cont\u00f3 con la presencia de autoridades provinciales &nbsp; &nbsp; Concordia se suma a las ciudades, como Paran\u00e1 y Concepci\u00f3n del Uruguay, que lanzan sus propios espacios para promover la econom\u00eda del conocimiento. El intendente Francisco Azcu\u00e9 dej\u00f3 inaugurado el Nodo Tecnol\u00f3gico \u201cPuerto TEC\u201d, un centro de capacitaci\u00f3n para empresarios y emprendedores del ecosistema tecnol\u00f3gico que deseen radicarse en Concordia y contraten talento local. \u201cLa concreci\u00f3n de este&#8230;<\/p>\n","protected":false},"author":3,"featured_media":134218,"comment_status":"closed","ping_status":"closed","sticky":false,"template":"","format":"standard","meta":[],"categories":[15],"tags":[],"_links":{"self":[{"href":"https:\/\/www.actualidadadiario.com\/index.php\/wp-json\/wp\/v2\/posts\/134217"}],"collection":[{"href":"https:\/\/www.actualidadadiario.com\/index.php\/wp-json\/wp\/v2\/posts"}],"about":[{"href":"https:\/\/www.actualidadadiario.com\/index.php\/wp-json\/wp\/v2\/types\/post"}],"author":[{"embeddable":true,"href":"https:\/\/www.actualidadadiario.com\/index.php\/wp-json\/wp\/v2\/users\/3"}],"replies":[{"embeddable":true,"href":"https:\/\/www.actualidadadiario.com\/index.php\/wp-json\/wp\/v2\/comments?post=134217"}],"version-history":[{"count":1,"href":"https:\/\/www.actualidadadiario.com\/index.php\/wp-json\/wp\/v2\/posts\/134217\/revisions"}],"predecessor-version":[{"id":134219,"href":"https:\/\/www.actualidadadiario.com\/index.php\/wp-json\/wp\/v2\/posts\/134217\/revisions\/134219"}],"wp:featuredmedia":[{"embeddable":true,"href":"https:\/\/www.actualidadadiario.com\/index.php\/wp-json\/wp\/v2\/media\/134218"}],"wp:attachment":[{"href":"https:\/\/www.actualidadadiario.com\/index.php\/wp-json\/wp\/v2\/media?parent=134217"}],"wp:term":[{"taxonomy":"category","embeddable":true,"href":"https:\/\/www.actualidadadiario.com\/index.php\/wp-json\/wp\/v2\/categories?post=134217"},{"taxonomy":"post_tag","embeddable":true,"href":"https:\/\/www.actualidadadiario.com\/index.php\/wp-json\/wp\/v2\/tags?post=134217"}],"curies":[{"name":"wp","href":"https:\/\/api.w.org\/{rel}","templated":true}]}}