{"id":134212,"date":"2025-11-27T09:46:35","date_gmt":"2025-11-27T12:46:35","guid":{"rendered":"https:\/\/www.actualidadadiario.com\/?p=134212"},"modified":"2025-11-27T09:46:35","modified_gmt":"2025-11-27T12:46:35","slug":"frigerio-reivindico-el-legado-de-urquiza-en-sesion-historica-en-concepcion-del-uruguay","status":"publish","type":"post","link":"https:\/\/www.actualidadadiario.com\/index.php\/2025\/11\/27\/frigerio-reivindico-el-legado-de-urquiza-en-sesion-historica-en-concepcion-del-uruguay\/","title":{"rendered":"Frigerio reivindic\u00f3 el legado de Urquiza en sesi\u00f3n hist\u00f3rica en Concepci\u00f3n del Uruguay"},"content":{"rendered":"<p style=\"text-align: center;\"><em><strong>El gobernador Rogelio Frigerio particip\u00f3 en el Colegio Superior Justo Jos\u00e9 de Urquiza, de Concepci\u00f3n del Uruguay, de la sesi\u00f3n especial de la C\u00e1mara de Diputados, en conmemoraci\u00f3n por los 165 a\u00f1os de la primera que realiz\u00f3 la Legislatura entrerriana. El encuentro se llev\u00f3 a cabo en el mismo espacio hist\u00f3rico donde el cuerpo legislativo sesion\u00f3 por primera vez el 17 de junio de 1860<\/strong><\/em><\/p>\n<p>&nbsp;<\/p>\n<p>&nbsp;<\/p>\n<p>Durante la actividad, que incluy\u00f3 el desarrollo del acto protocolar y la participaci\u00f3n de autoridades provinciales, municipales y acad\u00e9micas, se repas\u00f3 el valor institucional del Colegio fundado por Urquiza en 1849 y su rol en la historia educativa del pa\u00eds. Tambi\u00e9n estuvieron presentes la vicegobernadora Alicia Aluani; el intendente local, Jos\u00e9 Lauritto; y el presidente de la C\u00e1mara de Diputados, Gustavo Hein.<\/p>\n<p>En ese marco, el gobernador dijo que &#8220;este no es un d\u00eda m\u00e1s ni es una sesi\u00f3n m\u00e1s. Hoy Entre R\u00edos vuelve al origen de su vida institucional, al lugar donde nuestra democracia provincial abri\u00f3 los ojos por primera vez hace exactamente 165 a\u00f1os. Pocas provincias tienen la suerte de Entre R\u00edos de contar con una figura tan significativa como la del general Justo Jos\u00e9 de Urquiza. Fue la expresi\u00f3n m\u00e1s alta de una Argentina que no se deja avasallar, que conf\u00eda en el trabajo y la educaci\u00f3n como las \u00fanicas fuentes de desarrollo y futuro&#8221;.<\/p>\n<p>&#8220;Volver a su ciudad y a este colegio que lleva su nombre es un honor, pero tambi\u00e9n representa una responsabilidad que tenemos cada uno de los que estamos ac\u00e1, la de hacer realidad la Entre R\u00edos que Urquiza so\u00f1\u00f3. Y eso se empieza siempre por la educaci\u00f3n, porque si de verdad queremos cambiar la provincia, necesitamos garantizar una ense\u00f1anza que despierte vocaciones, que estimule el pensamiento cr\u00edtico y que libere el potencial que cada alumno lleva dentro&#8221;, remarc\u00f3 tras\u00a0 mencionar que Urquiza fund\u00f3 el primer colegio laico y gratuito del pa\u00eds.<\/p>\n<p>Frigerio sostuvo luego que &#8220;la educaci\u00f3n no es el \u00fanico legado que nos dej\u00f3 Urquiza&#8221;, y se refiri\u00f3 al desaf\u00edo que tuvo &#8220;de poner fin a la divisi\u00f3n entre los argentinos y encaminar al pa\u00eds a un periodo de estabilidad y de progreso. El consenso no es renuncia, es compromiso. No es abandonar las convicciones, es aportar lo mejor de cada uno y buscar puntos de encuentro por el bien com\u00fan. Hoy estamos demostrando juntos que se puede transformar la provincia con di\u00e1logo, con seriedad y con respeto institucional. Urquiza nos dej\u00f3 un legado enorme. La vara est\u00e1 muy alta, pero no es raz\u00f3n para sentirnos menos capaces. Podemos y debemos estar a la altura, y vamos a estarlo&#8221; concluy\u00f3.<\/p>\n<p>Por su parte, la vicegobernadora Aluani valor\u00f3 esta jornada hist\u00f3rica en el Colegio Superior Justo Jos\u00e9 de Urquiza; y destac\u00f3: &#8220;Entre R\u00edos eligi\u00f3 el camino del di\u00e1logo y el consenso, y nosotros seguimos ese legado, necesario para poder construir una provincia mejor&#8221;.<\/p>\n<p>En tanto, el presidente del cuerpo legislativo, Gustavo Hein, dijo que el de hoy &#8220;es un d\u00eda de trabajo, mostrando lo que hace y lo que genera la C\u00e1mara de Diputados; y, adem\u00e1s, una reivindicaci\u00f3n hist\u00f3rica sobre Entre R\u00edos y la Legislatura. Es un d\u00eda hist\u00f3rico. Nosotros tenemos un legado, una responsabilidad, que nos encuentra 165 a\u00f1os despu\u00e9s, ac\u00e1, siendo parte de la historia, y cada uno tiene que hacer un trabajo retrospectivo y analizar si estamos honrando a nuestros ancestros&#8221;, afirm\u00f3.<\/p>\n<p>A su turno, el intendente Lauritto agradeci\u00f3 a todos los que hicieron posible esta sesi\u00f3n hist\u00f3rica y remarc\u00f3 que en el Colegio Superior Justo Jos\u00e9 de Urquiza, en 1860, se realiz\u00f3 la primera sesi\u00f3n de la Legislatura entrerriana y Concepci\u00f3n del Uruguay con la Primera Constituci\u00f3n de la provincia impulsada por Urquiza, volvi\u00f3 a ser la capital entrerriana.<\/p>\n<p>&nbsp;<\/p>\n<p><strong>La sesi\u00f3n<\/strong><\/p>\n<p>En la sesi\u00f3n se trataron la modificaci\u00f3n del art\u00edculo 19 de la Ley de creaci\u00f3n de la Obra Social de Entre R\u00edos (OSER); la aceptaci\u00f3n de donaciones de inmuebles para distintos fines; y la distinci\u00f3n de Ciudadano Ilustre al docente e investigador Celomar Jos\u00e9 Argach\u00e1.<\/p>\n<p>El acto cont\u00f3 con la presencia, adem\u00e1s, del senador Mart\u00edn Oliva; los diputados Silvio Gallay y Yari Seyler; el decano de la Facultad de Ciencia y Tecnolog\u00eda de la Uader, Juan Pablo Filipuzzi; y el director del Colegio del Uruguay, Alberto Lescano, entre otras autoridades provinciales, municipales y educativas.<\/p>\n","protected":false},"excerpt":{"rendered":"<p>El gobernador Rogelio Frigerio particip\u00f3 en el Colegio Superior Justo Jos\u00e9 de Urquiza, de Concepci\u00f3n del Uruguay, de la sesi\u00f3n especial de la C\u00e1mara de Diputados, en conmemoraci\u00f3n por los 165 a\u00f1os de la primera que realiz\u00f3 la Legislatura entrerriana. El encuentro se llev\u00f3 a cabo en el mismo espacio hist\u00f3rico donde el cuerpo legislativo sesion\u00f3 por primera vez el 17 de junio de 1860 &nbsp; &nbsp; Durante la actividad, que incluy\u00f3 el desarrollo del acto protocolar y la participaci\u00f3n de autoridades provinciales, municipales y acad\u00e9micas, se repas\u00f3 el valor&#8230;<\/p>\n","protected":false},"author":3,"featured_media":134213,"comment_status":"closed","ping_status":"closed","sticky":false,"template":"","format":"standard","meta":[],"categories":[15],"tags":[],"_links":{"self":[{"href":"https:\/\/www.actualidadadiario.com\/index.php\/wp-json\/wp\/v2\/posts\/134212"}],"collection":[{"href":"https:\/\/www.actualidadadiario.com\/index.php\/wp-json\/wp\/v2\/posts"}],"about":[{"href":"https:\/\/www.actualidadadiario.com\/index.php\/wp-json\/wp\/v2\/types\/post"}],"author":[{"embeddable":true,"href":"https:\/\/www.actualidadadiario.com\/index.php\/wp-json\/wp\/v2\/users\/3"}],"replies":[{"embeddable":true,"href":"https:\/\/www.actualidadadiario.com\/index.php\/wp-json\/wp\/v2\/comments?post=134212"}],"version-history":[{"count":1,"href":"https:\/\/www.actualidadadiario.com\/index.php\/wp-json\/wp\/v2\/posts\/134212\/revisions"}],"predecessor-version":[{"id":134214,"href":"https:\/\/www.actualidadadiario.com\/index.php\/wp-json\/wp\/v2\/posts\/134212\/revisions\/134214"}],"wp:featuredmedia":[{"embeddable":true,"href":"https:\/\/www.actualidadadiario.com\/index.php\/wp-json\/wp\/v2\/media\/134213"}],"wp:attachment":[{"href":"https:\/\/www.actualidadadiario.com\/index.php\/wp-json\/wp\/v2\/media?parent=134212"}],"wp:term":[{"taxonomy":"category","embeddable":true,"href":"https:\/\/www.actualidadadiario.com\/index.php\/wp-json\/wp\/v2\/categories?post=134212"},{"taxonomy":"post_tag","embeddable":true,"href":"https:\/\/www.actualidadadiario.com\/index.php\/wp-json\/wp\/v2\/tags?post=134212"}],"curies":[{"name":"wp","href":"https:\/\/api.w.org\/{rel}","templated":true}]}}