{"id":134210,"date":"2025-11-27T09:44:59","date_gmt":"2025-11-27T12:44:59","guid":{"rendered":"https:\/\/www.actualidadadiario.com\/?p=134210"},"modified":"2025-11-27T09:44:59","modified_gmt":"2025-11-27T12:44:59","slug":"piden-prorrogar-la-emergencia-alimentaria-para-dar-una-respuesta-responsable-a-una-demanda-creciente","status":"publish","type":"post","link":"https:\/\/www.actualidadadiario.com\/index.php\/2025\/11\/27\/piden-prorrogar-la-emergencia-alimentaria-para-dar-una-respuesta-responsable-a-una-demanda-creciente\/","title":{"rendered":"Piden prorrogar la emergencia alimentaria para dar una respuesta responsable a una demanda creciente"},"content":{"rendered":"<p style=\"text-align: center;\"><em><strong>Se trata de un proyecto de ley que propone que se prorrogue hasta el 31 de diciembre de 2026 el plazo de vigencia y aplicaci\u00f3n del estado de emergencia p\u00fablica en materia de seguridad alimentaria en Entre R\u00edos. Se fundament\u00f3 que es una \u201cherramienta necesaria y \u00fatil\u201d, ante una demanda que \u201ctiene un aumento sostenido\u201d.\u00a0 Tambi\u00e9n, que permiti\u00f3 \u201cdisponer de m\u00e1s m\u00f3dulos alimentarios, permitiendo agilidad en las compras adem\u00e1s del incremento de presupuesto en pesos destinado a la ayuda directa\u201d<\/strong><\/em><\/p>\n<p>&nbsp;<\/p>\n<p>&nbsp;<\/p>\n<p>Un proyecto de ley del senador justicialista, V\u00edctor Sanzaberro, que ingres\u00f3 a la C\u00e1mara alta, propone la pr\u00f3rroga por otro a\u00f1o de la vigencia de la Ley N\u00ba 11.140 que declar\u00f3 el estado de emergencia alimentaria p\u00fablica en materia de seguridad alimentaria en el \u00e1mbito de la provincia de Entre R\u00edos.<\/p>\n<p>En el art\u00edculo segundo se inst\u00f3 que \u201cla extensi\u00f3n del plazo dispuesta ratifica tanto el objeto y las autorizaciones excepcionales all\u00ed dispuestas como el funcionamiento de la Mesa de Di\u00e1logo Social, creada en el \u00e1mbito del Ministerio de Desarrollo Humano como \u00f3rgano de participaci\u00f3n y consulta\u201d.<\/p>\n<p>El senador solicit\u00f3 \u201cla aprobaci\u00f3n del presente proyecto prorrogando la vigencia de la ley 11.140 \u2018de emergencia alimentaria\u2019 hasta el 31 de diciembre de 2026, incluyendo el funcionamiento la Mesa de Dialogo Social, como \u00e1mbito de articulaci\u00f3n participativa que permite una mirada amplia de evaluaci\u00f3n en cuanto a la ejecuci\u00f3n de la pol\u00edtica de asistencia alimentaria\u201d.<\/p>\n<p>&nbsp;<\/p>\n<p><strong>Fundamentos<\/strong><\/p>\n<p>Sanzberro record\u00f3 que \u201coportunamente, en abril de 2024, aprobamos la emergencia p\u00fablica en materia de seguridad alimentaria y dotamos al Gobierno de una herramienta para atender, con criterios de efectividad y celeridad, la adquisici\u00f3n y provisi\u00f3n de alimentos a trav\u00e9s de los dispositivos existentes que coordina el Ministerio de Desarrollo Humano, con participaci\u00f3n de las Organizaciones de la Sociedad Civil\u201d.<\/p>\n<p>En el mismo sentido rememorativo, consider\u00f3 que \u201ctambi\u00e9n dispusimos en esa oportunidad la creaci\u00f3n de una Mesa de Di\u00e1logo Social, como \u00f3rgano de participaci\u00f3n y consulta, con funciones amplias e integraci\u00f3n interinstitucional (representantes de los Ministerios de Desarrollo Humano y Salud, del Consejo General de Educaci\u00f3n, representantes de ambas C\u00e1maras legislativas, de la Universidad Nacional de Entre R\u00edos y la Universidad Aut\u00f3noma de Entre R\u00edos, de Organizaciones Sociales de la Econom\u00eda Popular y de la Mesa contra el Hambre). La ley se aprob\u00f3 por unanimidad en 2024 y luego prorrogada su vigencia hasta el 31 de diciembre de 2025\u201d.<\/p>\n<p>&nbsp;<\/p>\n<p><strong>Herramienta necesaria y \u00fatil<\/strong><\/p>\n<p>&nbsp;<\/p>\n<p>El senador justicialista destac\u00f3 que \u201choy venimos a impulsar nuevamente la pr\u00f3rroga de la emergencia alimentaria entendiendo que es una herramienta necesaria y \u00fatil, en tanto la demanda tiene un aumento sostenido y esta norma ha permitido disponer de m\u00e1s m\u00f3dulos alimentarios, permitiendo agilidad en las compras adem\u00e1s del incremento de presupuesto en pesos destinado a la ayuda directa\u201d.<\/p>\n<p>El legislador entendi\u00f3 que \u201ces una necesidad concreta prorrogarla, no desde la discusi\u00f3n pol\u00edtica sino desde una perspectiva responsable para asistir y atender la demanda en materia alimentaria\u201d.<\/p>\n<p>&nbsp;<\/p>\n<p><strong>Aunque el Indec diga lo contrario<\/strong><\/p>\n<p>Sanzberro precis\u00f3 que \u201cesa demanda es creciente, aunque las estad\u00edsticas del Indec digan otra cosa. De hecho, las mediciones hechas con patrones de consumo de la Encuesta Nacional de Gastos de los Hogares de 2004\/2005, termina calculando una l\u00ednea de pobreza m\u00e1s barata, con miles de hogares que aparecen como \u2018no pobres\u2019 pero apenas logran cubrir lo b\u00e1sico\u201d.<\/p>\n","protected":false},"excerpt":{"rendered":"<p>Se trata de un proyecto de ley que propone que se prorrogue hasta el 31 de diciembre de 2026 el plazo de vigencia y aplicaci\u00f3n del estado de emergencia p\u00fablica en materia de seguridad alimentaria en Entre R\u00edos. Se fundament\u00f3 que es una \u201cherramienta necesaria y \u00fatil\u201d, ante una demanda que \u201ctiene un aumento sostenido\u201d.\u00a0 Tambi\u00e9n, que permiti\u00f3 \u201cdisponer de m\u00e1s m\u00f3dulos alimentarios, permitiendo agilidad en las compras adem\u00e1s del incremento de presupuesto en pesos destinado a la ayuda directa\u201d &nbsp; &nbsp; Un proyecto de ley del senador justicialista, V\u00edctor&#8230;<\/p>\n","protected":false},"author":3,"featured_media":121227,"comment_status":"closed","ping_status":"closed","sticky":false,"template":"","format":"standard","meta":[],"categories":[9],"tags":[],"_links":{"self":[{"href":"https:\/\/www.actualidadadiario.com\/index.php\/wp-json\/wp\/v2\/posts\/134210"}],"collection":[{"href":"https:\/\/www.actualidadadiario.com\/index.php\/wp-json\/wp\/v2\/posts"}],"about":[{"href":"https:\/\/www.actualidadadiario.com\/index.php\/wp-json\/wp\/v2\/types\/post"}],"author":[{"embeddable":true,"href":"https:\/\/www.actualidadadiario.com\/index.php\/wp-json\/wp\/v2\/users\/3"}],"replies":[{"embeddable":true,"href":"https:\/\/www.actualidadadiario.com\/index.php\/wp-json\/wp\/v2\/comments?post=134210"}],"version-history":[{"count":1,"href":"https:\/\/www.actualidadadiario.com\/index.php\/wp-json\/wp\/v2\/posts\/134210\/revisions"}],"predecessor-version":[{"id":134211,"href":"https:\/\/www.actualidadadiario.com\/index.php\/wp-json\/wp\/v2\/posts\/134210\/revisions\/134211"}],"wp:featuredmedia":[{"embeddable":true,"href":"https:\/\/www.actualidadadiario.com\/index.php\/wp-json\/wp\/v2\/media\/121227"}],"wp:attachment":[{"href":"https:\/\/www.actualidadadiario.com\/index.php\/wp-json\/wp\/v2\/media?parent=134210"}],"wp:term":[{"taxonomy":"category","embeddable":true,"href":"https:\/\/www.actualidadadiario.com\/index.php\/wp-json\/wp\/v2\/categories?post=134210"},{"taxonomy":"post_tag","embeddable":true,"href":"https:\/\/www.actualidadadiario.com\/index.php\/wp-json\/wp\/v2\/tags?post=134210"}],"curies":[{"name":"wp","href":"https:\/\/api.w.org\/{rel}","templated":true}]}}