{"id":134203,"date":"2025-11-26T11:37:56","date_gmt":"2025-11-26T14:37:56","guid":{"rendered":"https:\/\/www.actualidadadiario.com\/?p=134203"},"modified":"2025-11-26T11:37:56","modified_gmt":"2025-11-26T14:37:56","slug":"causa-memorando-con-iran-cristina-sumara-a-grabois-a-su-defensa","status":"publish","type":"post","link":"https:\/\/www.actualidadadiario.com\/index.php\/2025\/11\/26\/causa-memorando-con-iran-cristina-sumara-a-grabois-a-su-defensa\/","title":{"rendered":"Causa memorando con Ir\u00e1n: Cristina sumar\u00e1 a Grabois a su defensa"},"content":{"rendered":"<p style=\"text-align: center;\"><em><strong>La expresidenta se encuentra cumpliendo condena por la Causa Vialidad. Grabois se sumar\u00e1 de cara al juicio por encubrimiento del atentado de AMIA tras la reapertura del caso<\/strong><\/em><\/p>\n<p>&nbsp;<\/p>\n<p>&nbsp;<\/p>\n<p>La expresidenta, Cristina Kirchner, inform\u00f3 a trav\u00e9s de un breve escrito que el dirigente social &#8211; y abogado-, Juan Grabois, se sumar\u00e1 a su equipo de abogados de cara al pr\u00f3ximo juicio que afrontar\u00e1 en el marco de la causa por el Memorando con Ir\u00e1n.<\/p>\n<p>Seg\u00fan confirmaron desde el entorno de la expresidenta a este medio, Grabois ingresar\u00e1 a la defensa como abogado sustito. As\u00ed, se sumar\u00e1 al equipo conformado por Ary Llernovoy y Carlos Beraldi.<\/p>\n<p>En diciembre de 2024, la Corte Suprema de Justicia &#8211; en ese momento conformada por los jueces Horacio Rosatti, Juan Carlos Maqueda (en un voto conjunto), Carlos Rosenkrantz y Ricardo Lorenzetti &#8211; emiti\u00f3 un fallo en el que confirm\u00f3 que la expresidenta deber\u00e1 afrontar un juicio oral por el Memor\u00e1ndum con Ir\u00e1n, la denuncia que impuls\u00f3 el fiscal Alberto Nisman antes de morir.<\/p>\n<p>La causa tom\u00f3 un nuevo impulso a partir del pedido de la C\u00e1mara Federal de Casaci\u00f3n Penal, que solicit\u00f3 revocar los sobreseimientos de la dirigente peronista tanto en la causa del memorando como en la conocida como Hotesur. La decisi\u00f3n final de la Corte Suprema lleg\u00f3 luego de la apelaci\u00f3n de las querellas del caso.<\/p>\n<p>&nbsp;<\/p>\n<p><strong>La causa del Memorando con Ir\u00e1n<\/strong><\/p>\n<p>La causa surgi\u00f3 a ra\u00edz de la denuncia que Alberto Nisman present\u00f3 en enero de 2015 &#8211; apenas d\u00edas antes de su muerte &#8211; donde involucr\u00f3 a la entonces presidenta, al canciller H\u00e9ctor Timerman, al diputado Andr\u00e9s \u201cCuervo\u201d Larroque (FpV) y a un grupo de dirigentes y presuntos agentes de inteligencia. El fiscal apuntaba a un supuesto encubrimiento de los iran\u00edes acusados por el atentado a la AMIA, que habr\u00eda operado a trav\u00e9s del Memor\u00e1ndum de Entendimiento con Ir\u00e1n. Seg\u00fan su planteo, exist\u00eda un acuerdo pol\u00edtico entre Buenos Aires y Teher\u00e1n destinado a lograr la ca\u00edda de las alertas rojas de Interpol sobre los imputados.<\/p>\n<p>La causa, sin embargo, fue desestimada r\u00e1pidamente: el juez federal Daniel Rafecas la rechaz\u00f3 por \u201cinexistencia de delito\u201d, y la C\u00e1mara Federal porte\u00f1a confirm\u00f3 esa decisi\u00f3n al mes siguiente. Cuando el expediente lleg\u00f3 a la C\u00e1mara Federal de Casaci\u00f3n Penal, el fiscal Javier De Luca opt\u00f3 por no sostener la apelaci\u00f3n. Con ese paso, el caso qued\u00f3 archivado.<\/p>\n<p>De manera paralela se abri\u00f3 otra investigaci\u00f3n, esta vez contra Timerman, por presunta traici\u00f3n a la patria. Todo surgi\u00f3 a partir de una conversaci\u00f3n telef\u00f3nica con el entonces presidente de la AMIA, Guillermo Borger, en la que &#8211; antes de la firma del memor\u00e1ndum &#8211; el canciller reconoc\u00eda que el atentado hab\u00eda sido perpetrado por funcionarios iran\u00edes. Ese fragmento sirvi\u00f3 para que la DAIA pidiera la reapertura del caso original. Rafecas y la C\u00e1mara Federal lo rechazaron, pero la entidad, como querellante, insisti\u00f3 ante Casaci\u00f3n, que finalmente apart\u00f3 al juez y orden\u00f3 reabrir el expediente.<\/p>\n<p>El Memor\u00e1ndum de Entendimiento firmado en 2013 &#8211; en un encuentro en Alepo revelado por el periodista Pepe Eliaschev &#8211; se estructuraba en nueve puntos, inclu\u00eda la creaci\u00f3n de una Comisi\u00f3n de la Verdad y habilitaba la posibilidad de interrogar a los sospechosos iran\u00edes, todos ellos con notificaci\u00f3n roja de Interpol. El Congreso aprob\u00f3 el acuerdo, aunque nunca lleg\u00f3 a entrar en vigencia. La C\u00e1mara de Casaci\u00f3n lo declar\u00f3 inconstitucional en forma definitiva el 21 de diciembre de 2015.<\/p>\n<p>A juicio fueron enviados Eduardo Alberto Zuain, Carlos Zannini, Oscar Parrilli, Angelina Abbona, Juan Mart\u00edn Mena, Andr\u00e9s Larroque, Luis D\u2019El\u00eda, Fernando Esteche, Jorge Khalil y Ram\u00f3n H\u00e9ctor Allan Bogado.<\/p>\n<p>En 2021, el Tribunal Oral Federal 8 sobresey\u00f3 a todos los imputados. Los jueces Mar\u00eda Gabriela L\u00f3pez I\u00f1\u00edguez, Daniel Obligado y Jos\u00e9 Michelini hicieron lugar a los planteos de nulidad y concluyeron que &#8220;los hechos por los que fueran requeridos no constituyen delito&#8221;. En la resoluci\u00f3n remarcaron: &#8220;El Memor\u00e1ndum, m\u00e1s all\u00e1 de que se lo considere un acierto o desacierto pol\u00edtico, no constituy\u00f3 delito&#8221;.<\/p>\n","protected":false},"excerpt":{"rendered":"<p>La expresidenta se encuentra cumpliendo condena por la Causa Vialidad. Grabois se sumar\u00e1 de cara al juicio por encubrimiento del atentado de AMIA tras la reapertura del caso &nbsp; &nbsp; La expresidenta, Cristina Kirchner, inform\u00f3 a trav\u00e9s de un breve escrito que el dirigente social &#8211; y abogado-, Juan Grabois, se sumar\u00e1 a su equipo de abogados de cara al pr\u00f3ximo juicio que afrontar\u00e1 en el marco de la causa por el Memorando con Ir\u00e1n. Seg\u00fan confirmaron desde el entorno de la expresidenta a este medio, Grabois ingresar\u00e1 a la&#8230;<\/p>\n","protected":false},"author":3,"featured_media":134204,"comment_status":"closed","ping_status":"closed","sticky":false,"template":"","format":"standard","meta":[],"categories":[18],"tags":[],"_links":{"self":[{"href":"https:\/\/www.actualidadadiario.com\/index.php\/wp-json\/wp\/v2\/posts\/134203"}],"collection":[{"href":"https:\/\/www.actualidadadiario.com\/index.php\/wp-json\/wp\/v2\/posts"}],"about":[{"href":"https:\/\/www.actualidadadiario.com\/index.php\/wp-json\/wp\/v2\/types\/post"}],"author":[{"embeddable":true,"href":"https:\/\/www.actualidadadiario.com\/index.php\/wp-json\/wp\/v2\/users\/3"}],"replies":[{"embeddable":true,"href":"https:\/\/www.actualidadadiario.com\/index.php\/wp-json\/wp\/v2\/comments?post=134203"}],"version-history":[{"count":1,"href":"https:\/\/www.actualidadadiario.com\/index.php\/wp-json\/wp\/v2\/posts\/134203\/revisions"}],"predecessor-version":[{"id":134205,"href":"https:\/\/www.actualidadadiario.com\/index.php\/wp-json\/wp\/v2\/posts\/134203\/revisions\/134205"}],"wp:featuredmedia":[{"embeddable":true,"href":"https:\/\/www.actualidadadiario.com\/index.php\/wp-json\/wp\/v2\/media\/134204"}],"wp:attachment":[{"href":"https:\/\/www.actualidadadiario.com\/index.php\/wp-json\/wp\/v2\/media?parent=134203"}],"wp:term":[{"taxonomy":"category","embeddable":true,"href":"https:\/\/www.actualidadadiario.com\/index.php\/wp-json\/wp\/v2\/categories?post=134203"},{"taxonomy":"post_tag","embeddable":true,"href":"https:\/\/www.actualidadadiario.com\/index.php\/wp-json\/wp\/v2\/tags?post=134203"}],"curies":[{"name":"wp","href":"https:\/\/api.w.org\/{rel}","templated":true}]}}