{"id":134200,"date":"2025-11-26T10:37:42","date_gmt":"2025-11-26T13:37:42","guid":{"rendered":"https:\/\/www.actualidadadiario.com\/?p=134200"},"modified":"2025-11-26T10:37:42","modified_gmt":"2025-11-26T13:37:42","slug":"de-tel-aviv-a-jerusalen-milei-traslada-la-embajada-argentina-y-envia-un-mensaje-internacional","status":"publish","type":"post","link":"https:\/\/www.actualidadadiario.com\/index.php\/2025\/11\/26\/de-tel-aviv-a-jerusalen-milei-traslada-la-embajada-argentina-y-envia-un-mensaje-internacional\/","title":{"rendered":"De Tel Aviv a Jerusal\u00e9n: Milei traslada la embajada argentina y env\u00eda un mensaje internacional"},"content":{"rendered":"<p style=\"text-align: center;\"><em><strong>Argentina se suma a la breve lista de pa\u00edses que reconocen a Jerusal\u00e9n como parte del Estado de Israel<\/strong><\/em><\/p>\n<p>&nbsp;<\/p>\n<p>&nbsp;<\/p>\n<p>El canciller argentino, Pablo Quirno, recibi\u00f3 en el Palacio San Mart\u00edn a su par israel\u00ed, Gideon Sa\u2019ar, y confirm\u00f3 los rumores que surgieron puertas adentro del sistema internacional: la embajada argentina se trasladar\u00e1 de Tel Aviv a Jerusal\u00e9n. Seg\u00fan adelant\u00f3 Quirno, Javier Milei viajar\u00eda a Israel entre abril y mayo de 2026 para concretar el anuncio en persona.<\/p>\n<p>Sa\u2019ar lleg\u00f3 a Buenos Aires despu\u00e9s de una escala en Paraguay y desembarc\u00f3 con una agenda cargada. Adem\u00e1s del encuentro con Quirno, pas\u00f3 por el Congreso para reunirse con legisladores, mantuvo una audiencia con el Presidente y particip\u00f3 del Foro Econ\u00f3mico Argentino- Israel. La visita fue parte del acercamiento pol\u00edtico y estrat\u00e9gico que impulsa el Gobierno argentino.<\/p>\n<p>Tras la reuni\u00f3n, el funcionario israel\u00ed difundi\u00f3 un comunicado en el que calific\u00f3 la relaci\u00f3n entre ambos pa\u00edses como \u201cextraordinaria\u201d y defini\u00f3 a Argentina como \u201cun socio confiable con horizonte prometedor\u201d. El encuentro tambi\u00e9n dej\u00f3 sobre la mesa otra iniciativa ambiciosa: la posibilidad de un vuelo directo entre Buenos Aires y Tel Aviv, un proyecto que los equipos t\u00e9cnicos de ambos gobiernos analizar\u00e1n en los pr\u00f3ximos meses. Adem\u00e1s, discutieron c\u00f3mo reforzar el comercio exterior y ampliar los intercambios econ\u00f3micos.<\/p>\n<p>\u201cSomos amigos verdaderos y socios estrat\u00e9gicos\u201d, sostuvo Sa\u2019ar antes de delinear las \u00e1reas en las que Israel quiere intensificar su presencia en Argentina: inversiones en tecnolog\u00eda aplicada a la salud, ciberseguridad y defensa. Todo dicho sin eufemismos, al mejor estilo de una alianza pol\u00edtica que ya no intenta disimular su rumbo.<\/p>\n<p>&nbsp;<\/p>\n<p><strong>Carga simb\u00f3lica: qu\u00e9 significa el traslado de la embajada a Jerusal\u00e9n<\/strong><\/p>\n<p>Al mover la sede diplom\u00e1tica, Argentina se alinea con la postura israel\u00ed de que Jerusal\u00e9n es su capital, desafiando el consenso internacional que ha mantenido las embajadas en Tel Aviv a la espera de un acuerdo de paz que defina el estatus final de la ciudad, que tambi\u00e9n es reclamada por Palestina como parte de su territorio.<\/p>\n<p>El gesto de Gobierno es de un fuerte apoyo a Israel, especialmente a su gobierno, y una muestra de alineamiento con la pol\u00edtica exterior de la administraci\u00f3n de Donald Trump (quien traslad\u00f3 la embajada estadounidense en 2018) y otros pa\u00edses de la derecha internacional.<\/p>\n<p>Esta decisi\u00f3n marca un cambio en la tradici\u00f3n diplom\u00e1tica argentina, que hist\u00f3ricamente apoy\u00f3 la soluci\u00f3n de dos Estados (Israel y Palestina) y el r\u00e9gimen internacional especial de Jerusal\u00e9n, conforme a resoluciones de la ONU.<\/p>\n<p>&nbsp;<\/p>\n<p><strong>Los pa\u00edses que trasladaron su sede diplom\u00e1tica son:<\/strong><\/p>\n<ul>\n<li>Estados Unidos.<\/li>\n<li>Guatemala.<\/li>\n<li>Honduras.<\/li>\n<li>Kosovo.<\/li>\n<li>Pap\u00faa Nueva Guinea.<\/li>\n<li>Paraguay (recientemente, aunque en el pasado la hab\u00eda trasladado y luego retirado).<\/li>\n<\/ul>\n<p>A diferencia de otros pa\u00edses que reabrieron o trasladaron su embajada, Argentina no tiene un antecedente de haber tenido su sede diplom\u00e1tica en Jerusal\u00e9n. Hist\u00f3ricamente, la posici\u00f3n argentina, como la de la mayor\u00eda de la comunidad internacional, fue la de apoyar la coexistencia pac\u00edfica de Israel y un Estado palestino independiente. Tambi\u00e9n la de mantener el estatus de la ciudad conforme a las resoluciones de la ONU (como la Resoluci\u00f3n 181 de 1947), que la propuso como un corpus separatum bajo r\u00e9gimen internacional especial.<\/p>\n","protected":false},"excerpt":{"rendered":"<p>Argentina se suma a la breve lista de pa\u00edses que reconocen a Jerusal\u00e9n como parte del Estado de Israel &nbsp; &nbsp; El canciller argentino, Pablo Quirno, recibi\u00f3 en el Palacio San Mart\u00edn a su par israel\u00ed, Gideon Sa\u2019ar, y confirm\u00f3 los rumores que surgieron puertas adentro del sistema internacional: la embajada argentina se trasladar\u00e1 de Tel Aviv a Jerusal\u00e9n. Seg\u00fan adelant\u00f3 Quirno, Javier Milei viajar\u00eda a Israel entre abril y mayo de 2026 para concretar el anuncio en persona. Sa\u2019ar lleg\u00f3 a Buenos Aires despu\u00e9s de una escala en Paraguay&#8230;<\/p>\n","protected":false},"author":3,"featured_media":134201,"comment_status":"closed","ping_status":"closed","sticky":false,"template":"","format":"standard","meta":[],"categories":[18],"tags":[],"_links":{"self":[{"href":"https:\/\/www.actualidadadiario.com\/index.php\/wp-json\/wp\/v2\/posts\/134200"}],"collection":[{"href":"https:\/\/www.actualidadadiario.com\/index.php\/wp-json\/wp\/v2\/posts"}],"about":[{"href":"https:\/\/www.actualidadadiario.com\/index.php\/wp-json\/wp\/v2\/types\/post"}],"author":[{"embeddable":true,"href":"https:\/\/www.actualidadadiario.com\/index.php\/wp-json\/wp\/v2\/users\/3"}],"replies":[{"embeddable":true,"href":"https:\/\/www.actualidadadiario.com\/index.php\/wp-json\/wp\/v2\/comments?post=134200"}],"version-history":[{"count":1,"href":"https:\/\/www.actualidadadiario.com\/index.php\/wp-json\/wp\/v2\/posts\/134200\/revisions"}],"predecessor-version":[{"id":134202,"href":"https:\/\/www.actualidadadiario.com\/index.php\/wp-json\/wp\/v2\/posts\/134200\/revisions\/134202"}],"wp:featuredmedia":[{"embeddable":true,"href":"https:\/\/www.actualidadadiario.com\/index.php\/wp-json\/wp\/v2\/media\/134201"}],"wp:attachment":[{"href":"https:\/\/www.actualidadadiario.com\/index.php\/wp-json\/wp\/v2\/media?parent=134200"}],"wp:term":[{"taxonomy":"category","embeddable":true,"href":"https:\/\/www.actualidadadiario.com\/index.php\/wp-json\/wp\/v2\/categories?post=134200"},{"taxonomy":"post_tag","embeddable":true,"href":"https:\/\/www.actualidadadiario.com\/index.php\/wp-json\/wp\/v2\/tags?post=134200"}],"curies":[{"name":"wp","href":"https:\/\/api.w.org\/{rel}","templated":true}]}}