{"id":134197,"date":"2025-11-26T10:36:24","date_gmt":"2025-11-26T13:36:24","guid":{"rendered":"https:\/\/www.actualidadadiario.com\/?p=134197"},"modified":"2025-11-26T10:36:24","modified_gmt":"2025-11-26T13:36:24","slug":"el-consejo-de-mayo-definira-los-detalles-de-las-reformas-laboral-educativa-y-penal","status":"publish","type":"post","link":"https:\/\/www.actualidadadiario.com\/index.php\/2025\/11\/26\/el-consejo-de-mayo-definira-los-detalles-de-las-reformas-laboral-educativa-y-penal\/","title":{"rendered":"El Consejo de Mayo definir\u00e1 los detalles de las reformas laboral, educativa y penal"},"content":{"rendered":"<p style=\"text-align: center;\"><em><strong>El Gobierno recibir\u00e1 hoy a los consejeros en la \u00faltima reuni\u00f3n del grupo antes de que se emita el documento final que se presentar\u00e1 al Congreso<\/strong><\/em><\/p>\n<p>&nbsp;<\/p>\n<p>&nbsp;<\/p>\n<p>Hoy habr\u00e1 debut y despedida. Por un lado, el jefe de gabinete, Manuel Adorni, recibir\u00e1 por primera vez a los miembros del Consejo de Mayo para terminar de delinear los detalles del proyectos de ley de las reformas laboral, educativa y penal. Tambi\u00e9n ser\u00e1 la \u00faltima reuni\u00f3n antes de definir el documento final que ser\u00e1 emitido el 15 de diciembre.<\/p>\n<p>Desde las 11.30 horas, el tambi\u00e9n vocero presidencial se reunir\u00e1 con los consejeros designados: el ministro de Desregulaci\u00f3n y Transformaci\u00f3n del Estado, Federico Sturzenegger; el gobernador de Mendoza, Alfredo Cornejo; la senadora nacional, Carolina Losada; el diputado nacional, Cristian Ritondo; el secretario general de la Uni\u00f3n Obrera de la Construcci\u00f3n de la Rep\u00fablica Argentina (UOCRA), Gerardo Mart\u00ednez; el presidente de la Uni\u00f3n Industrial Argentina (UIA), Mart\u00edn Rappallini.<\/p>\n<p>Fuentes de Jefatura confirmaron a este medio que el temario de la reuni\u00f3n de hoy pasar\u00e1 por tres ejes: los cambios en las reformas laboral, educativa y penal.<\/p>\n<p>La \u00faltima reuni\u00f3n hab\u00eda sido encabezada por Guillermo Francos en octubre pasado. Despu\u00e9s de su renuncia al cargo, Adorni ser\u00e1 el encargado de encabezar la sexta reuni\u00f3n del Consejo de Mayo que fue constituido como un \u00f3rgano para lograr consensos sobre una serie de reformas estructurales propuestas en el \u201cPacto de Mayo\u201d firmado en Tucum\u00e1n en julio de 2024.<\/p>\n<p>El encuentro servir\u00e1 para finalizar la redacci\u00f3n de un documento que ser\u00e1 presentado el pr\u00f3ximo 15 de diciembre al Congreso Nacional. A\u00fan no hay detalles de cada una de las iniciativas. El Poder Ejecutivo pidi\u00f3 a las partes que haya un estricto silencio sobre el contenido de los proyectos.<\/p>\n<p>Varios de los temas que formaron parte del Pacto de Mayo quedar\u00e1n excluidos en esta etapa, como la reforma previsional. El texto del resto de los proyectos se espera que sean aprobados junto al Presupuesto 2026 durante las sesiones extraordinarias que convocar\u00e1 el Ejecutivo en diciembre.<\/p>\n<p>Los 10 puntos sobre los que se trabaj\u00f3 fueron: la inviolabilidad de la propiedad privada; el equilibrio fiscal innegociable; la reducci\u00f3n del gasto p\u00fablico; la educaci\u00f3n con alfabetizaci\u00f3n plena y sin abandono escolar; la reforma tributaria; la rediscusi\u00f3n de la coparticipaci\u00f3n federal; la explotaci\u00f3n de los recursos naturales del pa\u00eds; la reforma laboral moderna; la reforma previsional, y una apertura al comercio internacional.<\/p>\n","protected":false},"excerpt":{"rendered":"<p>El Gobierno recibir\u00e1 hoy a los consejeros en la \u00faltima reuni\u00f3n del grupo antes de que se emita el documento final que se presentar\u00e1 al Congreso &nbsp; &nbsp; Hoy habr\u00e1 debut y despedida. Por un lado, el jefe de gabinete, Manuel Adorni, recibir\u00e1 por primera vez a los miembros del Consejo de Mayo para terminar de delinear los detalles del proyectos de ley de las reformas laboral, educativa y penal. Tambi\u00e9n ser\u00e1 la \u00faltima reuni\u00f3n antes de definir el documento final que ser\u00e1 emitido el 15 de diciembre. Desde las&#8230;<\/p>\n","protected":false},"author":3,"featured_media":134198,"comment_status":"closed","ping_status":"closed","sticky":false,"template":"","format":"standard","meta":[],"categories":[18],"tags":[],"_links":{"self":[{"href":"https:\/\/www.actualidadadiario.com\/index.php\/wp-json\/wp\/v2\/posts\/134197"}],"collection":[{"href":"https:\/\/www.actualidadadiario.com\/index.php\/wp-json\/wp\/v2\/posts"}],"about":[{"href":"https:\/\/www.actualidadadiario.com\/index.php\/wp-json\/wp\/v2\/types\/post"}],"author":[{"embeddable":true,"href":"https:\/\/www.actualidadadiario.com\/index.php\/wp-json\/wp\/v2\/users\/3"}],"replies":[{"embeddable":true,"href":"https:\/\/www.actualidadadiario.com\/index.php\/wp-json\/wp\/v2\/comments?post=134197"}],"version-history":[{"count":1,"href":"https:\/\/www.actualidadadiario.com\/index.php\/wp-json\/wp\/v2\/posts\/134197\/revisions"}],"predecessor-version":[{"id":134199,"href":"https:\/\/www.actualidadadiario.com\/index.php\/wp-json\/wp\/v2\/posts\/134197\/revisions\/134199"}],"wp:featuredmedia":[{"embeddable":true,"href":"https:\/\/www.actualidadadiario.com\/index.php\/wp-json\/wp\/v2\/media\/134198"}],"wp:attachment":[{"href":"https:\/\/www.actualidadadiario.com\/index.php\/wp-json\/wp\/v2\/media?parent=134197"}],"wp:term":[{"taxonomy":"category","embeddable":true,"href":"https:\/\/www.actualidadadiario.com\/index.php\/wp-json\/wp\/v2\/categories?post=134197"},{"taxonomy":"post_tag","embeddable":true,"href":"https:\/\/www.actualidadadiario.com\/index.php\/wp-json\/wp\/v2\/tags?post=134197"}],"curies":[{"name":"wp","href":"https:\/\/api.w.org\/{rel}","templated":true}]}}