{"id":134189,"date":"2025-11-26T10:33:01","date_gmt":"2025-11-26T13:33:01","guid":{"rendered":"https:\/\/www.actualidadadiario.com\/?p=134189"},"modified":"2025-11-26T10:33:01","modified_gmt":"2025-11-26T13:33:01","slug":"acuerdo-comercial-con-estados-unidos-criticas-en-diputados-por-impacto-en-la-industria","status":"publish","type":"post","link":"https:\/\/www.actualidadadiario.com\/index.php\/2025\/11\/26\/acuerdo-comercial-con-estados-unidos-criticas-en-diputados-por-impacto-en-la-industria\/","title":{"rendered":"Acuerdo comercial con Estados Unidos: cr\u00edticas en Diputados por impacto en la industria"},"content":{"rendered":"<p style=\"text-align: center;\"><em><strong>Una comisi\u00f3n de Diputados analiz\u00f3 el acuerdo con comercial pese a que a\u00fan no fue publicado ni enviado al Congreso Nacional<\/strong><\/em><\/p>\n<p>&nbsp;<\/p>\n<p>&nbsp;<\/p>\n<p>Empresarios y ex funcionarios kirchneristas plantearon este martes en la C\u00e1mara de Diputados sus objeciones al acuerdo comercial con Estados Unidos, que el Gobierno a\u00fan no envi\u00f3 al Congreso Nacional.<\/p>\n<p>El acuerdo suscripto entre Argentina y Estados Unidos fue debatido en la comisi\u00f3n de Comercio de la C\u00e1mara de Diputados, que preside el camporista Tom\u00e1s Ledesma, donde hubo cr\u00edticas a ese convenio por considerar que no ser\u00e1 beneficioso para el pa\u00eds y puede agregar un nuevo punto de tensi\u00f3n en el Mercosur.<\/p>\n<p>Al abrir la reuni\u00f3n, Ledesma volvi\u00f3 a reclamar que el Gobierno env\u00ede para su estudio el acuerdo comercial al Congreso, ya que por las materias que trata ese convenio vinculadas a temas arancelarias y aduaneras, requiere \u201cla aprobaci\u00f3n del\u00a0 Parlamento\u201d.<\/p>\n<p>La reuni\u00f3n de comisi\u00f3n informativa tuvo la participaci\u00f3n mayoritaria de diputados de Uni\u00f3n por la Patria (UxP), pero sin la presencia de la mayor\u00eda de los libertarios ya que solo asisti\u00f3 Santiago Pauli.<\/p>\n<p>El Gobierno anunci\u00f3 un marco de acuerdo con Estados Unidos pero a\u00fan no envi\u00f3 ning\u00fan detalle de ese convenio, seg\u00fan supo la Agencia Noticias Argentinas.<\/p>\n<p>&nbsp;<\/p>\n<p><strong>Los expositores<\/strong><\/p>\n<p>El primer orador en exponer fue el presidente de la Comisi\u00f3n de Pol\u00edtica Industrial de ADIMRA, Jos\u00e9 Tamboronea, quien plante\u00f3 sus preocupaciones por el impacto que pueda tener ese acuerdo en la industria argentina.<\/p>\n<p>&#8220;Somos dos pa\u00edses m\u00e1s competitivos que complementarios, haciendo las mismas cosas que Estados Unidos, pero con una escala diez veces m\u00e1s peque\u00f1a, sin tener infraestructura de trenes, v\u00edas navegables, rutas, como as\u00ed tampoco en los aspectos tecnol\u00f3gicos\u201d, se\u00f1al\u00f3.<\/p>\n<p>En ese contexto dijo que &#8220;nos preocupa el acceso preferencial que estar\u00eda otorgando Argentina para el mercado americano de los bienes que incluye medicamentos, productos qu\u00edmicos, maquinarias, productos de tecnolog\u00eda de la informaci\u00f3n y dispositivos m\u00e9dicos, veh\u00edculos automotores y una amplia gama de maquinaria agr\u00edcola\u201d.<\/p>\n<p>El ex subsecretario de Asuntos Internacionales de la Secretar\u00eda de Asuntos Estrat\u00e9gicos durante el kirchnerismo, Mart\u00edn Schapiro, critico que se est\u00e9 &#8220;discutiendo sobre un anuncio que hizo la Casa Blanca antes que la Argentina\u201d, y puso dudas sobre los beneficios que pueda traer ese convenio a nuestro pa\u00eds.<\/p>\n<p>&#8220;El modo en que est\u00e1 planteado este acuerdo, dif\u00edcilmente alcancemos los resultados virtuosos que tal vez son posibles cuando uno mira la producci\u00f3n de uno y otro pa\u00eds, y las oportunidades que se abren con los cambios geopol\u00edticos que se est\u00e1n produciendo en este momento\u201d, agreg\u00f3.<\/p>\n<p>La ex funcionaria de la Comisi\u00f3n de Energ\u00eda At\u00f3mica Natalia Stankevicius objet\u00f3 el acuerdo porque \u201catenta\u201d contra la soberan\u00eda de nuestro pa\u00eds debido al \u201crol y el car\u00e1cter estrat\u00e9gico que tiene el sector nuclear en Argentina\u201d.<\/p>\n<p>Agreg\u00f3 que el pa\u00eds &#8220;necesita d\u00f3lares y que la exportaci\u00f3n de uranio podr\u00eda ser una cartera de negocios. Pero el problema es qu\u00e9 penalizaciones estamos haciendo a las generaciones futuras, porque ac\u00e1 discutimos energ\u00eda de base\u201d, manifest\u00f3.<\/p>\n<p>En tanto, el ex subsecretario de Mercados Agropecuarios, Javier Pati\u00f1o, asegur\u00f3 se debe analizar bien ese acuerdo ya que &#8220;de todas las exportaciones a Estados Unidos el 21% es agro, mientras que de lo que importamos de Estados Unidos s\u00f3lo el 1,6% es agro. En el intercambio comercial lo agro es m\u00e1s importante para nosotros que para ellos&#8221;.<\/p>\n<p>En tanto, el ex subsecretario de Coordinaci\u00f3n Pol\u00edtica del Ministerio de Agricultura, Ganader\u00eda y Pesca Ariel Mart\u00ednez se\u00f1al\u00f3 que \u201cestamos seguros que esto tiene una tensi\u00f3n con el Mercosur, que s\u00ed es una relaci\u00f3n estable de la Argentina con sus socios\u201d.<\/p>\n<p>Se\u00f1al\u00f3 que &#8220;el Mercosur tiene un mont\u00f3n de defectos por solucionar, pero pareciera que es el mejor lugar para estar y proyectarse, siendo un lugar que contiene institucionalmente a nuestros pa\u00edses y le da un \u00e1mbito y una espalda de negociaci\u00f3n mucho m\u00e1s potente que hacerlo individualmente\u201d.<\/p>\n","protected":false},"excerpt":{"rendered":"<p>Una comisi\u00f3n de Diputados analiz\u00f3 el acuerdo con comercial pese a que a\u00fan no fue publicado ni enviado al Congreso Nacional &nbsp; &nbsp; Empresarios y ex funcionarios kirchneristas plantearon este martes en la C\u00e1mara de Diputados sus objeciones al acuerdo comercial con Estados Unidos, que el Gobierno a\u00fan no envi\u00f3 al Congreso Nacional. El acuerdo suscripto entre Argentina y Estados Unidos fue debatido en la comisi\u00f3n de Comercio de la C\u00e1mara de Diputados, que preside el camporista Tom\u00e1s Ledesma, donde hubo cr\u00edticas a ese convenio por considerar que no ser\u00e1&#8230;<\/p>\n","protected":false},"author":3,"featured_media":134190,"comment_status":"closed","ping_status":"closed","sticky":false,"template":"","format":"standard","meta":[],"categories":[18],"tags":[],"_links":{"self":[{"href":"https:\/\/www.actualidadadiario.com\/index.php\/wp-json\/wp\/v2\/posts\/134189"}],"collection":[{"href":"https:\/\/www.actualidadadiario.com\/index.php\/wp-json\/wp\/v2\/posts"}],"about":[{"href":"https:\/\/www.actualidadadiario.com\/index.php\/wp-json\/wp\/v2\/types\/post"}],"author":[{"embeddable":true,"href":"https:\/\/www.actualidadadiario.com\/index.php\/wp-json\/wp\/v2\/users\/3"}],"replies":[{"embeddable":true,"href":"https:\/\/www.actualidadadiario.com\/index.php\/wp-json\/wp\/v2\/comments?post=134189"}],"version-history":[{"count":1,"href":"https:\/\/www.actualidadadiario.com\/index.php\/wp-json\/wp\/v2\/posts\/134189\/revisions"}],"predecessor-version":[{"id":134191,"href":"https:\/\/www.actualidadadiario.com\/index.php\/wp-json\/wp\/v2\/posts\/134189\/revisions\/134191"}],"wp:featuredmedia":[{"embeddable":true,"href":"https:\/\/www.actualidadadiario.com\/index.php\/wp-json\/wp\/v2\/media\/134190"}],"wp:attachment":[{"href":"https:\/\/www.actualidadadiario.com\/index.php\/wp-json\/wp\/v2\/media?parent=134189"}],"wp:term":[{"taxonomy":"category","embeddable":true,"href":"https:\/\/www.actualidadadiario.com\/index.php\/wp-json\/wp\/v2\/categories?post=134189"},{"taxonomy":"post_tag","embeddable":true,"href":"https:\/\/www.actualidadadiario.com\/index.php\/wp-json\/wp\/v2\/tags?post=134189"}],"curies":[{"name":"wp","href":"https:\/\/api.w.org\/{rel}","templated":true}]}}